{"id":944,"date":"2024-09-24T09:30:59","date_gmt":"2024-09-24T13:30:59","guid":{"rendered":"https:\/\/www.vigilis.ca\/zone-conseils\/?p=944"},"modified":"2024-09-24T09:50:46","modified_gmt":"2024-09-24T13:50:46","slug":"proteger-son-entreprise-au-dela-des-biens","status":"publish","type":"post","link":"https:\/\/www.vigilis.ca\/zone-conseils\/proteger-son-entreprise-au-dela-des-biens\/","title":{"rendered":"Prot\u00e9ger son entreprise au-del\u00e0 des biens"},"content":{"rendered":"<p>Au-del\u00e0 de la protection des biens mat\u00e9riels, il est tout aussi essentiel de consid\u00e9rer des \u00e9l\u00e9ments pouvant avoir un impact majeur sur la performance d\u2019une entreprise\u00a0: le bien-\u00eatre et la sant\u00e9 financi\u00e8re des employ\u00e9s. Les <strong>programmes d\u2019assurances collectives et d\u2019\u00e9pargne collective prot\u00e8gent<\/strong> non seulement vos employ\u00e9s, mais \u00e9galement <strong>la prosp\u00e9rit\u00e9 et la p\u00e9rennit\u00e9 de vos affaires<\/strong>.<\/p>\n<h3><strong>Assurances et \u00e9pargne-retraite collectives\u00a0: un investissement strat\u00e9gique <\/strong><\/h3>\n<p>Proposer une assurance collective \u00e0 ses employ\u00e9s va bien au-del\u00e0 d\u2019une simple prestation. C\u2019est <strong>un outil strat\u00e9gique qui d\u00e9montre votre engagement envers leur bien-\u00eatre<\/strong>. Dans un contexte o\u00f9 le co\u00fbt de la vie augmente constamment, une couverture sant\u00e9, par exemple, offre aux employ\u00e9s une s\u00e9curit\u00e9 face aux al\u00e9as de la vie, r\u00e9duisant ainsi leur niveau de stress et d\u2019incertitude. Cette tranquillit\u00e9 d\u2019esprit se traduit par une <strong>productivit\u00e9 accrue, un meilleur moral au travail et une r\u00e9duction de l\u2019absent\u00e9isme.<\/strong><\/p>\n<p>Dans un march\u00e9 comp\u00e9titif, o\u00f9 attirer et retenir les meilleurs talents est un d\u00e9fi constant, l\u2019acc\u00e8s \u00e0 une assurance collective de qualit\u00e9 est d\u00e9sormais un crit\u00e8re d\u00e9terminant pour de nombreux candidats. En offrant cette couverture, vous montrez que vous valorisez et prenez soin de vos employ\u00e9s, renfor\u00e7ant ainsi votre <strong>marque employeur<\/strong>.<\/p>\n<p>En compl\u00e9ment des assurances collectives, un programme d\u2019\u00e9pargne collective, tel qu\u2019un REER collectif, un RVER ou tout autre type de r\u00e9gime de retraite, peut jouer un r\u00f4le essentiel dans la planification financi\u00e8re \u00e0 long terme des employ\u00e9s. En leur permettant d\u2019\u00e9pargner de mani\u00e8re structur\u00e9e et fiscalement avantageuse, vous d\u00e9montrez que vous vous souciez de leur <strong>s\u00e9curit\u00e9 financi\u00e8re<\/strong>. Ceci renforce leur sentiment d\u2019appartenance, et favorise l\u2019attractivit\u00e9 de votre entreprise sur le march\u00e9 de l\u2019emploi.<\/p>\n<h3><strong>Un environnement de travail sain et productif<\/strong><\/h3>\n<p>Des employ\u00e9s en bonne sant\u00e9 sont essentiels \u00e0 la r\u00e9ussite de toute entreprise. Un environnement de travail o\u00f9 la sant\u00e9 est une priorit\u00e9 cr\u00e9e une culture d\u2019entreprise positive et productive. Et cela ne se limite pas \u00e0 l\u2019absence de maladies ; il s\u2019agit aussi de <strong>promouvoir un bien-\u00eatre global qui inclut la sant\u00e9 mentale, physique et financi\u00e8re<\/strong>. Lorsque les employ\u00e9s se sentent soutenus par leur employeur, ils sont plus heureux, plus engag\u00e9s, et ils <strong>contribuent \u00e0 une entreprise en meilleure sant\u00e9<\/strong>.<\/p>\n<p>Offrir une assurance collective qui inclut un Programme d\u2019aide aux employ\u00e9s (PAE) est un moyen efficace de contribuer \u00e0 cet objectif. Ce type de programme peut apporter un soutien indispensable en p\u00e9riode de crise, qu&rsquo;il s&rsquo;agisse de probl\u00e8mes de sant\u00e9 mentale, de difficult\u00e9s financi\u00e8res ou de situations personnelles ou familiales complexes. En offrant cette aide, vous contribuez \u00e0 r\u00e9duire le stress et les absences non planifi\u00e9es, tout en favorisant un environnement de travail plus stable et productif.<\/p>\n<h3><strong>Le partage des d\u00e9penses : un choix judicieux<\/strong><\/h3>\n<p>Pour un employeur, contribuer aux r\u00e9gimes d\u2019assurances collectives et d\u2019\u00e9pargne collective des employ\u00e9s est <strong>un investissement dans l\u2019avenir de l\u2019entreprise<\/strong>. Cet investissement am\u00e9liore la culture organisationnelle, augmente la satisfaction au travail, et peut contribuer \u00e0 la r\u00e9tention des employ\u00e9s. En retour, ceux-ci b\u00e9n\u00e9ficient d\u2019une s\u00e9curit\u00e9 accrue et d\u2019un bien-\u00eatre g\u00e9n\u00e9ral, tant sur le plan financier que personnel. Ce partage des d\u00e9penses entre l\u2019employeur et l\u2019employ\u00e9 cr\u00e9e un partenariat gagnant qui profite \u00e0 tous.<\/p>\n<h3><a href=\"https:\/\/vimeo.com\/1010667787\"><strong>Apprenez-en plus sur VIGILIS et sa vision des avantages sociaux performants!<\/strong><\/a><\/h3>\n<p><iframe loading=\"lazy\" title=\"VIGILIS - Pour des avantages sociaux performants\" src=\"https:\/\/player.vimeo.com\/video\/1010667787?dnt=1&amp;app_id=122963\" width=\"500\" height=\"281\" frameborder=\"0\" allow=\"autoplay; fullscreen; picture-in-picture; clipboard-write\"><\/iframe><\/p>\n<h3><\/h3>\n<!-- AddThis Advanced Settings generic via filter on the_content --><!-- AddThis Share Buttons generic via filter on the_content -->","protected":false},"excerpt":{"rendered":"<p>Au-del\u00e0 de la protection des biens mat\u00e9riels, il est tout aussi essentiel de consid\u00e9rer des \u00e9l\u00e9ments pouvant avoir un impact majeur sur la performance d\u2019une entreprise\u00a0: le bien-\u00eatre et la sant\u00e9 financi\u00e8re des employ\u00e9s. Les programmes d\u2019assurances collectives et d\u2019\u00e9pargne collective prot\u00e8gent non seulement vos employ\u00e9s, mais \u00e9galement la prosp\u00e9rit\u00e9 et la p\u00e9rennit\u00e9 de vos [&hellip;]<!-- AddThis Advanced Settings generic via filter on get_the_excerpt --><!-- AddThis Share Buttons generic via filter on get_the_excerpt --><\/p>\n","protected":false},"author":2,"featured_media":950,"comment_status":"open","ping_status":"closed","sticky":false,"template":"","format":"standard","meta":{"_acf_changed":false,"_genesis_hide_title":false,"_genesis_hide_breadcrumbs":false,"_genesis_hide_singular_image":false,"_genesis_hide_footer_widgets":false,"_genesis_custom_body_class":"","_genesis_custom_post_class":"","_genesis_layout":"full-width-content","footnotes":""},"categories":[5],"tags":[],"class_list":{"0":"post-944","1":"post","2":"type-post","3":"status-publish","4":"format-standard","5":"has-post-thumbnail","7":"category-cat-entreprises","8":"entry"},"acf":[],"yoast_head":"<!-- This site is optimized with the Yoast SEO plugin v27.0 - https:\/\/yoast.com\/product\/yoast-seo-wordpress\/ -->\n<title>Prot\u00e9ger son entreprise au-del\u00e0 des biens - VIGILIS - Zone conseils<\/title>\n<meta name=\"description\" content=\"Pour assurer la performance d&#039;une entreprise, il est tout aussi essentiel de consid\u00e9rer le bien-\u00eatre et la sant\u00e9 financi\u00e8re des employ\u00e9s.\" \/>\n<meta name=\"robots\" content=\"index, follow, max-snippet:-1, max-image-preview:large, max-video-preview:-1\" \/>\n<link rel=\"canonical\" href=\"https:\/\/www.vigilis.ca\/zone-conseils\/proteger-son-entreprise-au-dela-des-biens\/\" \/>\n<meta property=\"og:locale\" content=\"fr_FR\" \/>\n<meta property=\"og:type\" content=\"article\" \/>\n<meta property=\"og:title\" content=\"Prot\u00e9ger son entreprise au-del\u00e0 des biens - VIGILIS - Zone conseils\" \/>\n<meta property=\"og:description\" content=\"Pour assurer la performance d&#039;une entreprise, il est tout aussi essentiel de consid\u00e9rer le bien-\u00eatre et la sant\u00e9 financi\u00e8re des employ\u00e9s.\" \/>\n<meta property=\"og:url\" content=\"https:\/\/www.vigilis.ca\/zone-conseils\/proteger-son-entreprise-au-dela-des-biens\/\" \/>\n<meta property=\"og:site_name\" content=\"VIGILIS - Zone conseils\" \/>\n<meta property=\"article:published_time\" content=\"2024-09-24T13:30:59+00:00\" \/>\n<meta property=\"article:modified_time\" content=\"2024-09-24T13:50:46+00:00\" \/>\n<meta property=\"og:image\" content=\"https:\/\/www.vigilis.ca\/zone-conseils\/wp-content\/uploads\/2024\/09\/Article-Proteger-son-entreprise-2024-VIGILIS_1140x500px_V1.png\" \/>\n\t<meta property=\"og:image:width\" content=\"1140\" \/>\n\t<meta property=\"og:image:height\" content=\"501\" \/>\n\t<meta property=\"og:image:type\" content=\"image\/png\" \/>\n<meta name=\"author\" content=\"Myriam\" \/>\n<meta name=\"twitter:card\" content=\"summary_large_image\" \/>\n<meta name=\"twitter:label1\" content=\"\u00c9crit par\" \/>\n\t<meta name=\"twitter:data1\" content=\"Myriam\" \/>\n\t<meta name=\"twitter:label2\" content=\"Dur\u00e9e de lecture estim\u00e9e\" \/>\n\t<meta name=\"twitter:data2\" content=\"3 minutes\" \/>\n<script type=\"application\/ld+json\" class=\"yoast-schema-graph\">{\"@context\":\"https:\/\/schema.org\",\"@graph\":[{\"@type\":\"Article\",\"@id\":\"https:\/\/www.vigilis.ca\/zone-conseils\/proteger-son-entreprise-au-dela-des-biens\/#article\",\"isPartOf\":{\"@id\":\"https:\/\/www.vigilis.ca\/zone-conseils\/proteger-son-entreprise-au-dela-des-biens\/\"},\"author\":{\"name\":\"Myriam\",\"@id\":\"https:\/\/www.vigilis.ca\/zone-conseils\/#\/schema\/person\/c47d6343d1e7b9119ebb1b3c50c022d6\"},\"headline\":\"Prot\u00e9ger son entreprise au-del\u00e0 des biens\",\"datePublished\":\"2024-09-24T13:30:59+00:00\",\"dateModified\":\"2024-09-24T13:50:46+00:00\",\"mainEntityOfPage\":{\"@id\":\"https:\/\/www.vigilis.ca\/zone-conseils\/proteger-son-entreprise-au-dela-des-biens\/\"},\"wordCount\":621,\"commentCount\":0,\"image\":{\"@id\":\"https:\/\/www.vigilis.ca\/zone-conseils\/proteger-son-entreprise-au-dela-des-biens\/#primaryimage\"},\"thumbnailUrl\":\"https:\/\/www.vigilis.ca\/zone-conseils\/wp-content\/uploads\/2024\/09\/Article-Proteger-son-entreprise-2024-VIGILIS_1140x500px_V1.png\",\"articleSection\":[\"Entreprises\"],\"inLanguage\":\"fr-FR\",\"potentialAction\":[{\"@type\":\"CommentAction\",\"name\":\"Comment\",\"target\":[\"https:\/\/www.vigilis.ca\/zone-conseils\/proteger-son-entreprise-au-dela-des-biens\/#respond\"]}]},{\"@type\":\"WebPage\",\"@id\":\"https:\/\/www.vigilis.ca\/zone-conseils\/proteger-son-entreprise-au-dela-des-biens\/\",\"url\":\"https:\/\/www.vigilis.ca\/zone-conseils\/proteger-son-entreprise-au-dela-des-biens\/\",\"name\":\"Prot\u00e9ger son entreprise au-del\u00e0 des biens - VIGILIS - Zone conseils\",\"isPartOf\":{\"@id\":\"https:\/\/www.vigilis.ca\/zone-conseils\/#website\"},\"primaryImageOfPage\":{\"@id\":\"https:\/\/www.vigilis.ca\/zone-conseils\/proteger-son-entreprise-au-dela-des-biens\/#primaryimage\"},\"image\":{\"@id\":\"https:\/\/www.vigilis.ca\/zone-conseils\/proteger-son-entreprise-au-dela-des-biens\/#primaryimage\"},\"thumbnailUrl\":\"https:\/\/www.vigilis.ca\/zone-conseils\/wp-content\/uploads\/2024\/09\/Article-Proteger-son-entreprise-2024-VIGILIS_1140x500px_V1.png\",\"datePublished\":\"2024-09-24T13:30:59+00:00\",\"dateModified\":\"2024-09-24T13:50:46+00:00\",\"author\":{\"@id\":\"https:\/\/www.vigilis.ca\/zone-conseils\/#\/schema\/person\/c47d6343d1e7b9119ebb1b3c50c022d6\"},\"description\":\"Pour assurer la performance d'une entreprise, il est tout aussi essentiel de consid\u00e9rer le bien-\u00eatre et la sant\u00e9 financi\u00e8re des employ\u00e9s.\",\"breadcrumb\":{\"@id\":\"https:\/\/www.vigilis.ca\/zone-conseils\/proteger-son-entreprise-au-dela-des-biens\/#breadcrumb\"},\"inLanguage\":\"fr-FR\",\"potentialAction\":[{\"@type\":\"ReadAction\",\"target\":[\"https:\/\/www.vigilis.ca\/zone-conseils\/proteger-son-entreprise-au-dela-des-biens\/\"]}]},{\"@type\":\"ImageObject\",\"inLanguage\":\"fr-FR\",\"@id\":\"https:\/\/www.vigilis.ca\/zone-conseils\/proteger-son-entreprise-au-dela-des-biens\/#primaryimage\",\"url\":\"https:\/\/www.vigilis.ca\/zone-conseils\/wp-content\/uploads\/2024\/09\/Article-Proteger-son-entreprise-2024-VIGILIS_1140x500px_V1.png\",\"contentUrl\":\"https:\/\/www.vigilis.ca\/zone-conseils\/wp-content\/uploads\/2024\/09\/Article-Proteger-son-entreprise-2024-VIGILIS_1140x500px_V1.png\",\"width\":1140,\"height\":501,\"caption\":\"Image\"},{\"@type\":\"BreadcrumbList\",\"@id\":\"https:\/\/www.vigilis.ca\/zone-conseils\/proteger-son-entreprise-au-dela-des-biens\/#breadcrumb\",\"itemListElement\":[{\"@type\":\"ListItem\",\"position\":1,\"name\":\"Accueil\",\"item\":\"https:\/\/www.vigilis.ca\/zone-conseils\/\"},{\"@type\":\"ListItem\",\"position\":2,\"name\":\"Prot\u00e9ger son entreprise au-del\u00e0 des biens\"}]},{\"@type\":\"WebSite\",\"@id\":\"https:\/\/www.vigilis.ca\/zone-conseils\/#website\",\"url\":\"https:\/\/www.vigilis.ca\/zone-conseils\/\",\"name\":\"VIGILIS - Zone conseils\",\"description\":\"\",\"potentialAction\":[{\"@type\":\"SearchAction\",\"target\":{\"@type\":\"EntryPoint\",\"urlTemplate\":\"https:\/\/www.vigilis.ca\/zone-conseils\/?s={search_term_string}\"},\"query-input\":{\"@type\":\"PropertyValueSpecification\",\"valueRequired\":true,\"valueName\":\"search_term_string\"}}],\"inLanguage\":\"fr-FR\"},{\"@type\":\"Person\",\"@id\":\"https:\/\/www.vigilis.ca\/zone-conseils\/#\/schema\/person\/c47d6343d1e7b9119ebb1b3c50c022d6\",\"name\":\"Myriam\",\"image\":{\"@type\":\"ImageObject\",\"inLanguage\":\"fr-FR\",\"@id\":\"https:\/\/www.vigilis.ca\/zone-conseils\/#\/schema\/person\/image\/\",\"url\":\"https:\/\/secure.gravatar.com\/avatar\/4f33c2fb39b67403c6768f47dd92598bb0259ccb56e50e00516048b55e2ae4a3?s=96&d=mm&r=g\",\"contentUrl\":\"https:\/\/secure.gravatar.com\/avatar\/4f33c2fb39b67403c6768f47dd92598bb0259ccb56e50e00516048b55e2ae4a3?s=96&d=mm&r=g\",\"caption\":\"Myriam\"}}]}<\/script>\n<!-- \/ Yoast SEO plugin. -->","yoast_head_json":{"title":"Prot\u00e9ger son entreprise au-del\u00e0 des biens - VIGILIS - Zone conseils","description":"Pour assurer la performance d'une entreprise, il est tout aussi essentiel de consid\u00e9rer le bien-\u00eatre et la sant\u00e9 financi\u00e8re des employ\u00e9s.","robots":{"index":"index","follow":"follow","max-snippet":"max-snippet:-1","max-image-preview":"max-image-preview:large","max-video-preview":"max-video-preview:-1"},"canonical":"https:\/\/www.vigilis.ca\/zone-conseils\/proteger-son-entreprise-au-dela-des-biens\/","og_locale":"fr_FR","og_type":"article","og_title":"Prot\u00e9ger son entreprise au-del\u00e0 des biens - VIGILIS - Zone conseils","og_description":"Pour assurer la performance d'une entreprise, il est tout aussi essentiel de consid\u00e9rer le bien-\u00eatre et la sant\u00e9 financi\u00e8re des employ\u00e9s.","og_url":"https:\/\/www.vigilis.ca\/zone-conseils\/proteger-son-entreprise-au-dela-des-biens\/","og_site_name":"VIGILIS - Zone conseils","article_published_time":"2024-09-24T13:30:59+00:00","article_modified_time":"2024-09-24T13:50:46+00:00","og_image":[{"width":1140,"height":501,"url":"https:\/\/www.vigilis.ca\/zone-conseils\/wp-content\/uploads\/2024\/09\/Article-Proteger-son-entreprise-2024-VIGILIS_1140x500px_V1.png","type":"image\/png"}],"author":"Myriam","twitter_card":"summary_large_image","twitter_misc":{"\u00c9crit par":"Myriam","Dur\u00e9e de lecture estim\u00e9e":"3 minutes"},"schema":{"@context":"https:\/\/schema.org","@graph":[{"@type":"Article","@id":"https:\/\/www.vigilis.ca\/zone-conseils\/proteger-son-entreprise-au-dela-des-biens\/#article","isPartOf":{"@id":"https:\/\/www.vigilis.ca\/zone-conseils\/proteger-son-entreprise-au-dela-des-biens\/"},"author":{"name":"Myriam","@id":"https:\/\/www.vigilis.ca\/zone-conseils\/#\/schema\/person\/c47d6343d1e7b9119ebb1b3c50c022d6"},"headline":"Prot\u00e9ger son entreprise au-del\u00e0 des biens","datePublished":"2024-09-24T13:30:59+00:00","dateModified":"2024-09-24T13:50:46+00:00","mainEntityOfPage":{"@id":"https:\/\/www.vigilis.ca\/zone-conseils\/proteger-son-entreprise-au-dela-des-biens\/"},"wordCount":621,"commentCount":0,"image":{"@id":"https:\/\/www.vigilis.ca\/zone-conseils\/proteger-son-entreprise-au-dela-des-biens\/#primaryimage"},"thumbnailUrl":"https:\/\/www.vigilis.ca\/zone-conseils\/wp-content\/uploads\/2024\/09\/Article-Proteger-son-entreprise-2024-VIGILIS_1140x500px_V1.png","articleSection":["Entreprises"],"inLanguage":"fr-FR","potentialAction":[{"@type":"CommentAction","name":"Comment","target":["https:\/\/www.vigilis.ca\/zone-conseils\/proteger-son-entreprise-au-dela-des-biens\/#respond"]}]},{"@type":"WebPage","@id":"https:\/\/www.vigilis.ca\/zone-conseils\/proteger-son-entreprise-au-dela-des-biens\/","url":"https:\/\/www.vigilis.ca\/zone-conseils\/proteger-son-entreprise-au-dela-des-biens\/","name":"Prot\u00e9ger son entreprise au-del\u00e0 des biens - VIGILIS - Zone conseils","isPartOf":{"@id":"https:\/\/www.vigilis.ca\/zone-conseils\/#website"},"primaryImageOfPage":{"@id":"https:\/\/www.vigilis.ca\/zone-conseils\/proteger-son-entreprise-au-dela-des-biens\/#primaryimage"},"image":{"@id":"https:\/\/www.vigilis.ca\/zone-conseils\/proteger-son-entreprise-au-dela-des-biens\/#primaryimage"},"thumbnailUrl":"https:\/\/www.vigilis.ca\/zone-conseils\/wp-content\/uploads\/2024\/09\/Article-Proteger-son-entreprise-2024-VIGILIS_1140x500px_V1.png","datePublished":"2024-09-24T13:30:59+00:00","dateModified":"2024-09-24T13:50:46+00:00","author":{"@id":"https:\/\/www.vigilis.ca\/zone-conseils\/#\/schema\/person\/c47d6343d1e7b9119ebb1b3c50c022d6"},"description":"Pour assurer la performance d'une entreprise, il est tout aussi essentiel de consid\u00e9rer le bien-\u00eatre et la sant\u00e9 financi\u00e8re des employ\u00e9s.","breadcrumb":{"@id":"https:\/\/www.vigilis.ca\/zone-conseils\/proteger-son-entreprise-au-dela-des-biens\/#breadcrumb"},"inLanguage":"fr-FR","potentialAction":[{"@type":"ReadAction","target":["https:\/\/www.vigilis.ca\/zone-conseils\/proteger-son-entreprise-au-dela-des-biens\/"]}]},{"@type":"ImageObject","inLanguage":"fr-FR","@id":"https:\/\/www.vigilis.ca\/zone-conseils\/proteger-son-entreprise-au-dela-des-biens\/#primaryimage","url":"https:\/\/www.vigilis.ca\/zone-conseils\/wp-content\/uploads\/2024\/09\/Article-Proteger-son-entreprise-2024-VIGILIS_1140x500px_V1.png","contentUrl":"https:\/\/www.vigilis.ca\/zone-conseils\/wp-content\/uploads\/2024\/09\/Article-Proteger-son-entreprise-2024-VIGILIS_1140x500px_V1.png","width":1140,"height":501,"caption":"Image"},{"@type":"BreadcrumbList","@id":"https:\/\/www.vigilis.ca\/zone-conseils\/proteger-son-entreprise-au-dela-des-biens\/#breadcrumb","itemListElement":[{"@type":"ListItem","position":1,"name":"Accueil","item":"https:\/\/www.vigilis.ca\/zone-conseils\/"},{"@type":"ListItem","position":2,"name":"Prot\u00e9ger son entreprise au-del\u00e0 des biens"}]},{"@type":"WebSite","@id":"https:\/\/www.vigilis.ca\/zone-conseils\/#website","url":"https:\/\/www.vigilis.ca\/zone-conseils\/","name":"VIGILIS - Zone conseils","description":"","potentialAction":[{"@type":"SearchAction","target":{"@type":"EntryPoint","urlTemplate":"https:\/\/www.vigilis.ca\/zone-conseils\/?s={search_term_string}"},"query-input":{"@type":"PropertyValueSpecification","valueRequired":true,"valueName":"search_term_string"}}],"inLanguage":"fr-FR"},{"@type":"Person","@id":"https:\/\/www.vigilis.ca\/zone-conseils\/#\/schema\/person\/c47d6343d1e7b9119ebb1b3c50c022d6","name":"Myriam","image":{"@type":"ImageObject","inLanguage":"fr-FR","@id":"https:\/\/www.vigilis.ca\/zone-conseils\/#\/schema\/person\/image\/","url":"https:\/\/secure.gravatar.com\/avatar\/4f33c2fb39b67403c6768f47dd92598bb0259ccb56e50e00516048b55e2ae4a3?s=96&d=mm&r=g","contentUrl":"https:\/\/secure.gravatar.com\/avatar\/4f33c2fb39b67403c6768f47dd92598bb0259ccb56e50e00516048b55e2ae4a3?s=96&d=mm&r=g","caption":"Myriam"}}]}},"rttpg_featured_image_url":{"full":["https:\/\/www.vigilis.ca\/zone-conseils\/wp-content\/uploads\/2024\/09\/Article-Proteger-son-entreprise-2024-VIGILIS_1140x500px_V1.png",1140,501,false],"landscape":["https:\/\/www.vigilis.ca\/zone-conseils\/wp-content\/uploads\/2024\/09\/Article-Proteger-son-entreprise-2024-VIGILIS_1140x500px_V1.png",1140,501,false],"portraits":["https:\/\/www.vigilis.ca\/zone-conseils\/wp-content\/uploads\/2024\/09\/Article-Proteger-son-entreprise-2024-VIGILIS_1140x500px_V1.png",1140,501,false],"thumbnail":["https:\/\/www.vigilis.ca\/zone-conseils\/wp-content\/uploads\/2024\/09\/Article-Proteger-son-entreprise-2024-VIGILIS_1140x500px_V1-150x150.png",150,150,true],"medium":["https:\/\/www.vigilis.ca\/zone-conseils\/wp-content\/uploads\/2024\/09\/Article-Proteger-son-entreprise-2024-VIGILIS_1140x500px_V1-300x132.png",300,132,true],"large":["https:\/\/www.vigilis.ca\/zone-conseils\/wp-content\/uploads\/2024\/09\/Article-Proteger-son-entreprise-2024-VIGILIS_1140x500px_V1.png",1140,501,false],"1536x1536":["https:\/\/www.vigilis.ca\/zone-conseils\/wp-content\/uploads\/2024\/09\/Article-Proteger-son-entreprise-2024-VIGILIS_1140x500px_V1.png",1140,501,false],"2048x2048":["https:\/\/www.vigilis.ca\/zone-conseils\/wp-content\/uploads\/2024\/09\/Article-Proteger-son-entreprise-2024-VIGILIS_1140x500px_V1.png",1140,501,false],"featured-image":["https:\/\/www.vigilis.ca\/zone-conseils\/wp-content\/uploads\/2024\/09\/Article-Proteger-son-entreprise-2024-VIGILIS_1140x500px_V1-358x200.png",358,200,true],"home-top":["https:\/\/www.vigilis.ca\/zone-conseils\/wp-content\/uploads\/2024\/09\/Article-Proteger-son-entreprise-2024-VIGILIS_1140x500px_V1-750x501.png",750,501,true],"crp_thumbnail":["https:\/\/www.vigilis.ca\/zone-conseils\/wp-content\/uploads\/2024\/09\/Article-Proteger-son-entreprise-2024-VIGILIS_1140x500px_V1-320x141.png",320,141,true]},"rttpg_author":{"display_name":"Myriam","author_link":"https:\/\/www.vigilis.ca\/zone-conseils\/author\/myriam-2\/"},"rttpg_comment":0,"rttpg_category":"<a href=\"https:\/\/www.vigilis.ca\/zone-conseils\/articles\/cat-entreprises\/\" rel=\"category tag\">Entreprises<\/a>","rttpg_excerpt":"Au-del\u00e0 de la protection des biens mat\u00e9riels, il est tout aussi essentiel de consid\u00e9rer des \u00e9l\u00e9ments pouvant avoir un impact majeur sur la performance d\u2019une entreprise\u00a0: le bien-\u00eatre et la sant\u00e9 financi\u00e8re des employ\u00e9s. Les programmes d\u2019assurances collectives et d\u2019\u00e9pargne collective prot\u00e8gent non seulement vos employ\u00e9s, mais \u00e9galement la prosp\u00e9rit\u00e9 et la p\u00e9rennit\u00e9 de vos\u2026","_links":{"self":[{"href":"https:\/\/www.vigilis.ca\/zone-conseils\/wp-json\/wp\/v2\/posts\/944","targetHints":{"allow":["GET"]}}],"collection":[{"href":"https:\/\/www.vigilis.ca\/zone-conseils\/wp-json\/wp\/v2\/posts"}],"about":[{"href":"https:\/\/www.vigilis.ca\/zone-conseils\/wp-json\/wp\/v2\/types\/post"}],"author":[{"embeddable":true,"href":"https:\/\/www.vigilis.ca\/zone-conseils\/wp-json\/wp\/v2\/users\/2"}],"replies":[{"embeddable":true,"href":"https:\/\/www.vigilis.ca\/zone-conseils\/wp-json\/wp\/v2\/comments?post=944"}],"version-history":[{"count":12,"href":"https:\/\/www.vigilis.ca\/zone-conseils\/wp-json\/wp\/v2\/posts\/944\/revisions"}],"predecessor-version":[{"id":961,"href":"https:\/\/www.vigilis.ca\/zone-conseils\/wp-json\/wp\/v2\/posts\/944\/revisions\/961"}],"wp:featuredmedia":[{"embeddable":true,"href":"https:\/\/www.vigilis.ca\/zone-conseils\/wp-json\/wp\/v2\/media\/950"}],"wp:attachment":[{"href":"https:\/\/www.vigilis.ca\/zone-conseils\/wp-json\/wp\/v2\/media?parent=944"}],"wp:term":[{"taxonomy":"category","embeddable":true,"href":"https:\/\/www.vigilis.ca\/zone-conseils\/wp-json\/wp\/v2\/categories?post=944"},{"taxonomy":"post_tag","embeddable":true,"href":"https:\/\/www.vigilis.ca\/zone-conseils\/wp-json\/wp\/v2\/tags?post=944"}],"curies":[{"name":"wp","href":"https:\/\/api.w.org\/{rel}","templated":true}]}}