{"id":48,"date":"2019-04-30T16:28:59","date_gmt":"2019-04-30T14:28:59","guid":{"rendered":"https:\/\/zone-conseils.fpdevel.ca\/?p=48"},"modified":"2021-01-28T14:44:44","modified_gmt":"2021-01-28T19:44:44","slug":"avez-vous-vraiment-besoin-dassurance-contre-les-maladies-graves","status":"publish","type":"post","link":"https:\/\/www.vigilis.ca\/zone-conseils\/avez-vous-vraiment-besoin-dassurance-contre-les-maladies-graves\/","title":{"rendered":"Avez-vous VRAIMENT besoin d&rsquo;assurance contre les maladies graves?"},"content":{"rendered":"<h3><strong>Une maladie grave, c&rsquo;est quoi?<\/strong><\/h3>\n<p>Il s&rsquo;agit d&rsquo;une maladie qui menace la vie, en exemple un cancer ou un infarctus, ou qui pourrait avoir des s\u00e9quelles permanentes, en exemple la scl\u00e9rose en plaques ou un AVC.<\/p>\n<h3><strong>Quelques statistiques<\/strong><\/h3>\n<ul>\n<li>Selon la Soci\u00e9t\u00e9 canadienne du cancer, 1 Canadien sur 2 (45\u00a0% d\u2019hommes et 43\u00a0% de femmes) sera atteint de cancer au cours de sa vie;<\/li>\n<li>Selon la Fondation des maladies du coeur et de l&rsquo;AVC du Canada, 9 personnes sur 10 pr\u00e9sentent au moins un facteur de risque de trouble cardiaque, d\u2019AVC, ou de d\u00e9ficit cognitif d\u2019origine vasculaire.<\/li>\n<\/ul>\n<p>Or, gr\u00e2ce \u00e0 la m\u00e9decine, de plus en plus de gens <strong>survivent<\/strong> \u00e0 ces maladies.<\/p>\n<h3><strong>Le principe de l&rsquo;assurance contre les maladies graves<\/strong><\/h3>\n<p>Cette protection pr\u00e9voit le versement d&rsquo;un capital exempt d&rsquo;imp\u00f4t lorsque vous survivez plus de 30 jours au diagnostic de l&rsquo;une des maladies couvertes. Ce montant peut \u00eatre utilis\u00e9 comme bon vous semble et pourrait notamment servir \u00e0\u00a0:<\/p>\n<ul>\n<li>Compenser la perte de revenus encourue;<\/li>\n<li>Permettre au conjoint en sant\u00e9 de prendre un cong\u00e9 sans solde durant les traitements;<\/li>\n<li>Recourir \u00e0 un traitement non couvert par les r\u00e9gimes provinciaux.<\/li>\n<\/ul>\n<h3><strong>Qui devrait souscrire ce genre d&rsquo;assurance?<\/strong><\/h3>\n<p>Bien que cette protection soit un plus dans tout portefeuille d&rsquo;assurance, les travailleurs autonomes devraient tout particuli\u00e8rement se munir d&rsquo;une telle assurance. En effet, contrairement \u00e0 l&rsquo;assurance vie qui verse un capital \u00e0 vos proches lors de votre d\u00e9c\u00e8s, l&rsquo;assurance contre les maladies graves vous est vers\u00e9e de votre vivant. Elle vous permet donc de concentrer vos \u00e9nergies sur votre r\u00e9tablissement sans avoir \u00e0 vous soucier de quelconques pressions financi\u00e8res.<\/p>\n<h3 style=\"text-align: center;\"><strong>Vous \u00eates unique. Vos besoins aussi.<\/strong><\/h3>\n<p><a href=\"https:\/\/www.vigilis.ca\/vision-360-degres.php\" target=\"_blank\" rel=\"noopener noreferrer\"><strong>Vision 360<\/strong><\/a> vous propose une analyse personnalis\u00e9e \u2013 une \u00e9tape cruciale afin d\u2019obtenir des recommandations parfaitement adapt\u00e9es \u00e0 votre situation. <a href=\"https:\/\/www.vigilis.ca\/vision-360-degres.php\" target=\"_blank\" rel=\"noopener noreferrer\"><strong>Jetez-y un coup d\u2019oeil \u00bb<\/strong><\/a><\/p>\n<!-- AddThis Advanced Settings generic via filter on the_content --><!-- AddThis Share Buttons generic via filter on the_content -->","protected":false},"excerpt":{"rendered":"<p>Une maladie grave, c&rsquo;est quoi?<br \/>\nIl s&rsquo;agit d&rsquo;une maladie qui menace la vie, en exemple un cancer ou un infarctus, ou qui pourrait avoir des s\u00e9quelles permanentes, en exemple la scl\u00e9rose en plaques ou un AVC.<!-- AddThis Advanced Settings generic via filter on get_the_excerpt --><!-- AddThis Share Buttons generic via filter on get_the_excerpt --><\/p>\n","protected":false},"author":2,"featured_media":413,"comment_status":"open","ping_status":"closed","sticky":false,"template":"","format":"standard","meta":{"_acf_changed":false,"_genesis_hide_title":false,"_genesis_hide_breadcrumbs":false,"_genesis_hide_singular_image":false,"_genesis_hide_footer_widgets":false,"_genesis_custom_body_class":"","_genesis_custom_post_class":"","_genesis_layout":"full-width-content","footnotes":""},"categories":[3],"tags":[13],"class_list":{"0":"post-48","1":"post","2":"type-post","3":"status-publish","4":"format-standard","5":"has-post-thumbnail","7":"category-cat-particuliers","8":"tag-assurance-maladies-graves","9":"entry"},"acf":[],"yoast_head":"<!-- This site is optimized with the Yoast SEO plugin v27.0 - https:\/\/yoast.com\/product\/yoast-seo-wordpress\/ -->\n<title>Avez-vous VRAIMENT besoin d&#039;assurance contre les maladies graves? - VIGILIS - Zone conseils<\/title>\n<meta name=\"robots\" content=\"index, follow, max-snippet:-1, max-image-preview:large, max-video-preview:-1\" \/>\n<link rel=\"canonical\" href=\"https:\/\/www.vigilis.ca\/zone-conseils\/avez-vous-vraiment-besoin-dassurance-contre-les-maladies-graves\/\" \/>\n<meta property=\"og:locale\" content=\"fr_FR\" \/>\n<meta property=\"og:type\" content=\"article\" \/>\n<meta property=\"og:title\" content=\"Avez-vous VRAIMENT besoin d&#039;assurance contre les maladies graves? - VIGILIS - Zone conseils\" \/>\n<meta property=\"og:description\" content=\"Une maladie grave, c&#039;est quoi? Il s&#039;agit d&#039;une maladie qui menace la vie, en exemple un cancer ou un infarctus, ou qui pourrait avoir des s\u00e9quelles permanentes, en exemple la scl\u00e9rose en plaques ou un AVC.\" \/>\n<meta property=\"og:url\" content=\"https:\/\/www.vigilis.ca\/zone-conseils\/avez-vous-vraiment-besoin-dassurance-contre-les-maladies-graves\/\" \/>\n<meta property=\"og:site_name\" content=\"VIGILIS - Zone conseils\" \/>\n<meta property=\"article:published_time\" content=\"2019-04-30T14:28:59+00:00\" \/>\n<meta property=\"article:modified_time\" content=\"2021-01-28T19:44:44+00:00\" \/>\n<meta property=\"og:image\" content=\"https:\/\/www.vigilis.ca\/zone-conseils\/wp-content\/uploads\/2020\/05\/assurance-maladies-graves.jpg\" \/>\n\t<meta property=\"og:image:width\" content=\"1140\" \/>\n\t<meta property=\"og:image:height\" content=\"500\" \/>\n\t<meta property=\"og:image:type\" content=\"image\/jpeg\" \/>\n<meta name=\"author\" content=\"Myriam\" \/>\n<meta name=\"twitter:card\" content=\"summary_large_image\" \/>\n<meta name=\"twitter:label1\" content=\"\u00c9crit par\" \/>\n\t<meta name=\"twitter:data1\" content=\"Myriam\" \/>\n\t<meta name=\"twitter:label2\" content=\"Dur\u00e9e de lecture estim\u00e9e\" \/>\n\t<meta name=\"twitter:data2\" content=\"2 minutes\" \/>\n<script type=\"application\/ld+json\" class=\"yoast-schema-graph\">{\"@context\":\"https:\/\/schema.org\",\"@graph\":[{\"@type\":\"Article\",\"@id\":\"https:\/\/www.vigilis.ca\/zone-conseils\/avez-vous-vraiment-besoin-dassurance-contre-les-maladies-graves\/#article\",\"isPartOf\":{\"@id\":\"https:\/\/www.vigilis.ca\/zone-conseils\/avez-vous-vraiment-besoin-dassurance-contre-les-maladies-graves\/\"},\"author\":{\"name\":\"Myriam\",\"@id\":\"https:\/\/www.vigilis.ca\/zone-conseils\/#\/schema\/person\/c47d6343d1e7b9119ebb1b3c50c022d6\"},\"headline\":\"Avez-vous VRAIMENT besoin d&rsquo;assurance contre les maladies graves?\",\"datePublished\":\"2019-04-30T14:28:59+00:00\",\"dateModified\":\"2021-01-28T19:44:44+00:00\",\"mainEntityOfPage\":{\"@id\":\"https:\/\/www.vigilis.ca\/zone-conseils\/avez-vous-vraiment-besoin-dassurance-contre-les-maladies-graves\/\"},\"wordCount\":320,\"commentCount\":0,\"image\":{\"@id\":\"https:\/\/www.vigilis.ca\/zone-conseils\/avez-vous-vraiment-besoin-dassurance-contre-les-maladies-graves\/#primaryimage\"},\"thumbnailUrl\":\"https:\/\/www.vigilis.ca\/zone-conseils\/wp-content\/uploads\/2020\/05\/assurance-maladies-graves.jpg\",\"keywords\":[\"assurance maladies graves\"],\"articleSection\":[\"Particuliers\"],\"inLanguage\":\"fr-FR\",\"potentialAction\":[{\"@type\":\"CommentAction\",\"name\":\"Comment\",\"target\":[\"https:\/\/www.vigilis.ca\/zone-conseils\/avez-vous-vraiment-besoin-dassurance-contre-les-maladies-graves\/#respond\"]}]},{\"@type\":\"WebPage\",\"@id\":\"https:\/\/www.vigilis.ca\/zone-conseils\/avez-vous-vraiment-besoin-dassurance-contre-les-maladies-graves\/\",\"url\":\"https:\/\/www.vigilis.ca\/zone-conseils\/avez-vous-vraiment-besoin-dassurance-contre-les-maladies-graves\/\",\"name\":\"Avez-vous VRAIMENT besoin d'assurance contre les maladies graves? - VIGILIS - Zone conseils\",\"isPartOf\":{\"@id\":\"https:\/\/www.vigilis.ca\/zone-conseils\/#website\"},\"primaryImageOfPage\":{\"@id\":\"https:\/\/www.vigilis.ca\/zone-conseils\/avez-vous-vraiment-besoin-dassurance-contre-les-maladies-graves\/#primaryimage\"},\"image\":{\"@id\":\"https:\/\/www.vigilis.ca\/zone-conseils\/avez-vous-vraiment-besoin-dassurance-contre-les-maladies-graves\/#primaryimage\"},\"thumbnailUrl\":\"https:\/\/www.vigilis.ca\/zone-conseils\/wp-content\/uploads\/2020\/05\/assurance-maladies-graves.jpg\",\"datePublished\":\"2019-04-30T14:28:59+00:00\",\"dateModified\":\"2021-01-28T19:44:44+00:00\",\"author\":{\"@id\":\"https:\/\/www.vigilis.ca\/zone-conseils\/#\/schema\/person\/c47d6343d1e7b9119ebb1b3c50c022d6\"},\"breadcrumb\":{\"@id\":\"https:\/\/www.vigilis.ca\/zone-conseils\/avez-vous-vraiment-besoin-dassurance-contre-les-maladies-graves\/#breadcrumb\"},\"inLanguage\":\"fr-FR\",\"potentialAction\":[{\"@type\":\"ReadAction\",\"target\":[\"https:\/\/www.vigilis.ca\/zone-conseils\/avez-vous-vraiment-besoin-dassurance-contre-les-maladies-graves\/\"]}]},{\"@type\":\"ImageObject\",\"inLanguage\":\"fr-FR\",\"@id\":\"https:\/\/www.vigilis.ca\/zone-conseils\/avez-vous-vraiment-besoin-dassurance-contre-les-maladies-graves\/#primaryimage\",\"url\":\"https:\/\/www.vigilis.ca\/zone-conseils\/wp-content\/uploads\/2020\/05\/assurance-maladies-graves.jpg\",\"contentUrl\":\"https:\/\/www.vigilis.ca\/zone-conseils\/wp-content\/uploads\/2020\/05\/assurance-maladies-graves.jpg\",\"width\":1140,\"height\":500,\"caption\":\"Assurance maladies graves\"},{\"@type\":\"BreadcrumbList\",\"@id\":\"https:\/\/www.vigilis.ca\/zone-conseils\/avez-vous-vraiment-besoin-dassurance-contre-les-maladies-graves\/#breadcrumb\",\"itemListElement\":[{\"@type\":\"ListItem\",\"position\":1,\"name\":\"Accueil\",\"item\":\"https:\/\/www.vigilis.ca\/zone-conseils\/\"},{\"@type\":\"ListItem\",\"position\":2,\"name\":\"Avez-vous VRAIMENT besoin d&rsquo;assurance contre les maladies graves?\"}]},{\"@type\":\"WebSite\",\"@id\":\"https:\/\/www.vigilis.ca\/zone-conseils\/#website\",\"url\":\"https:\/\/www.vigilis.ca\/zone-conseils\/\",\"name\":\"VIGILIS - Zone conseils\",\"description\":\"\",\"potentialAction\":[{\"@type\":\"SearchAction\",\"target\":{\"@type\":\"EntryPoint\",\"urlTemplate\":\"https:\/\/www.vigilis.ca\/zone-conseils\/?s={search_term_string}\"},\"query-input\":{\"@type\":\"PropertyValueSpecification\",\"valueRequired\":true,\"valueName\":\"search_term_string\"}}],\"inLanguage\":\"fr-FR\"},{\"@type\":\"Person\",\"@id\":\"https:\/\/www.vigilis.ca\/zone-conseils\/#\/schema\/person\/c47d6343d1e7b9119ebb1b3c50c022d6\",\"name\":\"Myriam\",\"image\":{\"@type\":\"ImageObject\",\"inLanguage\":\"fr-FR\",\"@id\":\"https:\/\/www.vigilis.ca\/zone-conseils\/#\/schema\/person\/image\/\",\"url\":\"https:\/\/secure.gravatar.com\/avatar\/4f33c2fb39b67403c6768f47dd92598bb0259ccb56e50e00516048b55e2ae4a3?s=96&d=mm&r=g\",\"contentUrl\":\"https:\/\/secure.gravatar.com\/avatar\/4f33c2fb39b67403c6768f47dd92598bb0259ccb56e50e00516048b55e2ae4a3?s=96&d=mm&r=g\",\"caption\":\"Myriam\"}}]}<\/script>\n<!-- \/ Yoast SEO plugin. -->","yoast_head_json":{"title":"Avez-vous VRAIMENT besoin d'assurance contre les maladies graves? - VIGILIS - Zone conseils","robots":{"index":"index","follow":"follow","max-snippet":"max-snippet:-1","max-image-preview":"max-image-preview:large","max-video-preview":"max-video-preview:-1"},"canonical":"https:\/\/www.vigilis.ca\/zone-conseils\/avez-vous-vraiment-besoin-dassurance-contre-les-maladies-graves\/","og_locale":"fr_FR","og_type":"article","og_title":"Avez-vous VRAIMENT besoin d'assurance contre les maladies graves? - VIGILIS - Zone conseils","og_description":"Une maladie grave, c'est quoi? Il s'agit d'une maladie qui menace la vie, en exemple un cancer ou un infarctus, ou qui pourrait avoir des s\u00e9quelles permanentes, en exemple la scl\u00e9rose en plaques ou un AVC.","og_url":"https:\/\/www.vigilis.ca\/zone-conseils\/avez-vous-vraiment-besoin-dassurance-contre-les-maladies-graves\/","og_site_name":"VIGILIS - Zone conseils","article_published_time":"2019-04-30T14:28:59+00:00","article_modified_time":"2021-01-28T19:44:44+00:00","og_image":[{"width":1140,"height":500,"url":"https:\/\/www.vigilis.ca\/zone-conseils\/wp-content\/uploads\/2020\/05\/assurance-maladies-graves.jpg","type":"image\/jpeg"}],"author":"Myriam","twitter_card":"summary_large_image","twitter_misc":{"\u00c9crit par":"Myriam","Dur\u00e9e de lecture estim\u00e9e":"2 minutes"},"schema":{"@context":"https:\/\/schema.org","@graph":[{"@type":"Article","@id":"https:\/\/www.vigilis.ca\/zone-conseils\/avez-vous-vraiment-besoin-dassurance-contre-les-maladies-graves\/#article","isPartOf":{"@id":"https:\/\/www.vigilis.ca\/zone-conseils\/avez-vous-vraiment-besoin-dassurance-contre-les-maladies-graves\/"},"author":{"name":"Myriam","@id":"https:\/\/www.vigilis.ca\/zone-conseils\/#\/schema\/person\/c47d6343d1e7b9119ebb1b3c50c022d6"},"headline":"Avez-vous VRAIMENT besoin d&rsquo;assurance contre les maladies graves?","datePublished":"2019-04-30T14:28:59+00:00","dateModified":"2021-01-28T19:44:44+00:00","mainEntityOfPage":{"@id":"https:\/\/www.vigilis.ca\/zone-conseils\/avez-vous-vraiment-besoin-dassurance-contre-les-maladies-graves\/"},"wordCount":320,"commentCount":0,"image":{"@id":"https:\/\/www.vigilis.ca\/zone-conseils\/avez-vous-vraiment-besoin-dassurance-contre-les-maladies-graves\/#primaryimage"},"thumbnailUrl":"https:\/\/www.vigilis.ca\/zone-conseils\/wp-content\/uploads\/2020\/05\/assurance-maladies-graves.jpg","keywords":["assurance maladies graves"],"articleSection":["Particuliers"],"inLanguage":"fr-FR","potentialAction":[{"@type":"CommentAction","name":"Comment","target":["https:\/\/www.vigilis.ca\/zone-conseils\/avez-vous-vraiment-besoin-dassurance-contre-les-maladies-graves\/#respond"]}]},{"@type":"WebPage","@id":"https:\/\/www.vigilis.ca\/zone-conseils\/avez-vous-vraiment-besoin-dassurance-contre-les-maladies-graves\/","url":"https:\/\/www.vigilis.ca\/zone-conseils\/avez-vous-vraiment-besoin-dassurance-contre-les-maladies-graves\/","name":"Avez-vous VRAIMENT besoin d'assurance contre les maladies graves? - VIGILIS - Zone conseils","isPartOf":{"@id":"https:\/\/www.vigilis.ca\/zone-conseils\/#website"},"primaryImageOfPage":{"@id":"https:\/\/www.vigilis.ca\/zone-conseils\/avez-vous-vraiment-besoin-dassurance-contre-les-maladies-graves\/#primaryimage"},"image":{"@id":"https:\/\/www.vigilis.ca\/zone-conseils\/avez-vous-vraiment-besoin-dassurance-contre-les-maladies-graves\/#primaryimage"},"thumbnailUrl":"https:\/\/www.vigilis.ca\/zone-conseils\/wp-content\/uploads\/2020\/05\/assurance-maladies-graves.jpg","datePublished":"2019-04-30T14:28:59+00:00","dateModified":"2021-01-28T19:44:44+00:00","author":{"@id":"https:\/\/www.vigilis.ca\/zone-conseils\/#\/schema\/person\/c47d6343d1e7b9119ebb1b3c50c022d6"},"breadcrumb":{"@id":"https:\/\/www.vigilis.ca\/zone-conseils\/avez-vous-vraiment-besoin-dassurance-contre-les-maladies-graves\/#breadcrumb"},"inLanguage":"fr-FR","potentialAction":[{"@type":"ReadAction","target":["https:\/\/www.vigilis.ca\/zone-conseils\/avez-vous-vraiment-besoin-dassurance-contre-les-maladies-graves\/"]}]},{"@type":"ImageObject","inLanguage":"fr-FR","@id":"https:\/\/www.vigilis.ca\/zone-conseils\/avez-vous-vraiment-besoin-dassurance-contre-les-maladies-graves\/#primaryimage","url":"https:\/\/www.vigilis.ca\/zone-conseils\/wp-content\/uploads\/2020\/05\/assurance-maladies-graves.jpg","contentUrl":"https:\/\/www.vigilis.ca\/zone-conseils\/wp-content\/uploads\/2020\/05\/assurance-maladies-graves.jpg","width":1140,"height":500,"caption":"Assurance maladies graves"},{"@type":"BreadcrumbList","@id":"https:\/\/www.vigilis.ca\/zone-conseils\/avez-vous-vraiment-besoin-dassurance-contre-les-maladies-graves\/#breadcrumb","itemListElement":[{"@type":"ListItem","position":1,"name":"Accueil","item":"https:\/\/www.vigilis.ca\/zone-conseils\/"},{"@type":"ListItem","position":2,"name":"Avez-vous VRAIMENT besoin d&rsquo;assurance contre les maladies graves?"}]},{"@type":"WebSite","@id":"https:\/\/www.vigilis.ca\/zone-conseils\/#website","url":"https:\/\/www.vigilis.ca\/zone-conseils\/","name":"VIGILIS - Zone conseils","description":"","potentialAction":[{"@type":"SearchAction","target":{"@type":"EntryPoint","urlTemplate":"https:\/\/www.vigilis.ca\/zone-conseils\/?s={search_term_string}"},"query-input":{"@type":"PropertyValueSpecification","valueRequired":true,"valueName":"search_term_string"}}],"inLanguage":"fr-FR"},{"@type":"Person","@id":"https:\/\/www.vigilis.ca\/zone-conseils\/#\/schema\/person\/c47d6343d1e7b9119ebb1b3c50c022d6","name":"Myriam","image":{"@type":"ImageObject","inLanguage":"fr-FR","@id":"https:\/\/www.vigilis.ca\/zone-conseils\/#\/schema\/person\/image\/","url":"https:\/\/secure.gravatar.com\/avatar\/4f33c2fb39b67403c6768f47dd92598bb0259ccb56e50e00516048b55e2ae4a3?s=96&d=mm&r=g","contentUrl":"https:\/\/secure.gravatar.com\/avatar\/4f33c2fb39b67403c6768f47dd92598bb0259ccb56e50e00516048b55e2ae4a3?s=96&d=mm&r=g","caption":"Myriam"}}]}},"rttpg_featured_image_url":{"full":["https:\/\/www.vigilis.ca\/zone-conseils\/wp-content\/uploads\/2020\/05\/assurance-maladies-graves.jpg",1140,500,false],"landscape":["https:\/\/www.vigilis.ca\/zone-conseils\/wp-content\/uploads\/2020\/05\/assurance-maladies-graves.jpg",1140,500,false],"portraits":["https:\/\/www.vigilis.ca\/zone-conseils\/wp-content\/uploads\/2020\/05\/assurance-maladies-graves.jpg",1140,500,false],"thumbnail":["https:\/\/www.vigilis.ca\/zone-conseils\/wp-content\/uploads\/2020\/05\/assurance-maladies-graves-150x150.jpg",150,150,true],"medium":["https:\/\/www.vigilis.ca\/zone-conseils\/wp-content\/uploads\/2020\/05\/assurance-maladies-graves-300x132.jpg",300,132,true],"large":["https:\/\/www.vigilis.ca\/zone-conseils\/wp-content\/uploads\/2020\/05\/assurance-maladies-graves.jpg",1140,500,false],"1536x1536":["https:\/\/www.vigilis.ca\/zone-conseils\/wp-content\/uploads\/2020\/05\/assurance-maladies-graves.jpg",1140,500,false],"2048x2048":["https:\/\/www.vigilis.ca\/zone-conseils\/wp-content\/uploads\/2020\/05\/assurance-maladies-graves.jpg",1140,500,false],"featured-image":["https:\/\/www.vigilis.ca\/zone-conseils\/wp-content\/uploads\/2020\/05\/assurance-maladies-graves-358x200.jpg",358,200,true],"home-top":["https:\/\/www.vigilis.ca\/zone-conseils\/wp-content\/uploads\/2020\/05\/assurance-maladies-graves-750x500.jpg",750,500,true],"crp_thumbnail":["https:\/\/www.vigilis.ca\/zone-conseils\/wp-content\/uploads\/2020\/05\/assurance-maladies-graves-320x140.jpg",320,140,true]},"rttpg_author":{"display_name":"Myriam","author_link":"https:\/\/www.vigilis.ca\/zone-conseils\/author\/myriam-2\/"},"rttpg_comment":3,"rttpg_category":"<a href=\"https:\/\/www.vigilis.ca\/zone-conseils\/articles\/cat-particuliers\/\" rel=\"category tag\">Particuliers<\/a>","rttpg_excerpt":"Une maladie grave, c'est quoi? Il s'agit d'une maladie qui menace la vie, en exemple un cancer ou un infarctus, ou qui pourrait avoir des s\u00e9quelles permanentes, en exemple la scl\u00e9rose en plaques ou un AVC.","_links":{"self":[{"href":"https:\/\/www.vigilis.ca\/zone-conseils\/wp-json\/wp\/v2\/posts\/48","targetHints":{"allow":["GET"]}}],"collection":[{"href":"https:\/\/www.vigilis.ca\/zone-conseils\/wp-json\/wp\/v2\/posts"}],"about":[{"href":"https:\/\/www.vigilis.ca\/zone-conseils\/wp-json\/wp\/v2\/types\/post"}],"author":[{"embeddable":true,"href":"https:\/\/www.vigilis.ca\/zone-conseils\/wp-json\/wp\/v2\/users\/2"}],"replies":[{"embeddable":true,"href":"https:\/\/www.vigilis.ca\/zone-conseils\/wp-json\/wp\/v2\/comments?post=48"}],"version-history":[{"count":11,"href":"https:\/\/www.vigilis.ca\/zone-conseils\/wp-json\/wp\/v2\/posts\/48\/revisions"}],"predecessor-version":[{"id":489,"href":"https:\/\/www.vigilis.ca\/zone-conseils\/wp-json\/wp\/v2\/posts\/48\/revisions\/489"}],"wp:featuredmedia":[{"embeddable":true,"href":"https:\/\/www.vigilis.ca\/zone-conseils\/wp-json\/wp\/v2\/media\/413"}],"wp:attachment":[{"href":"https:\/\/www.vigilis.ca\/zone-conseils\/wp-json\/wp\/v2\/media?parent=48"}],"wp:term":[{"taxonomy":"category","embeddable":true,"href":"https:\/\/www.vigilis.ca\/zone-conseils\/wp-json\/wp\/v2\/categories?post=48"},{"taxonomy":"post_tag","embeddable":true,"href":"https:\/\/www.vigilis.ca\/zone-conseils\/wp-json\/wp\/v2\/tags?post=48"}],"curies":[{"name":"wp","href":"https:\/\/api.w.org\/{rel}","templated":true}]}}