{"id":1201,"date":"2026-01-19T10:37:57","date_gmt":"2026-01-19T15:37:57","guid":{"rendered":"https:\/\/www.vigilis.ca\/zone-conseils\/?p=1201"},"modified":"2026-01-19T10:55:25","modified_gmt":"2026-01-19T15:55:25","slug":"assurance-vie-protection-strategique","status":"publish","type":"post","link":"https:\/\/www.vigilis.ca\/zone-conseils\/assurance-vie-protection-strategique\/","title":{"rendered":"Assurance vie : quand cette protection devient strat\u00e9gique"},"content":{"rendered":"<p><strong>Au fil de votre parcours, vos priorit\u00e9s \u00e9voluent. Votre situation personnelle et professionnelle change, et votre couverture d\u2019assurance gagne \u00e0 suivre le rythme. Souvent per\u00e7ue uniquement comme une mesure de protection, l\u2019assurance vie peut jouer un r\u00f4le tr\u00e8s structurant lorsqu\u2019elle est bien int\u00e9gr\u00e9e \u00e0 une planification globale.<\/strong><\/p>\n<p>Au-del\u00e0 du simple capital d\u00e9c\u00e8s, elle peut :<\/p>\n<ul>\n<li>soutenir des d\u00e9cisions financi\u00e8res importantes;<\/li>\n<li>encadrer certains risques; et<\/li>\n<li>contribuer \u00e0 l\u2019\u00e9quilibre de votre strat\u00e9gie patrimoniale.<\/li>\n<\/ul>\n<h3>La protection des dettes : mieux encadrer le risque financier<\/h3>\n<p>Hypoth\u00e8que, marges de cr\u00e9dit, dettes d\u2019affaires ou engagements professionnels : l\u2019endettement fait partie int\u00e9grante de nombreuses strat\u00e9gies financi\u00e8res et entrepreneuriales. Dans ce contexte, une assurance vie bien structur\u00e9e permet de prot\u00e9ger ces obligations en cas d\u2019impr\u00e9vu, r\u00e9duisant ainsi la pression financi\u00e8re sur les proches ou les partenaires d\u2019affaires.<\/p>\n<h3>L\u2019assurance partenariat : structurer la continuit\u00e9<\/h3>\n<p>Lorsque vous \u00eates associ\u00e9 ou envisagez un partenariat, l\u2019assurance vie joue un r\u00f4le cl\u00e9 dans la gestion des risques. Int\u00e9gr\u00e9e \u00e0 une convention entre actionnaires, elle permet de mettre en place des m\u00e9canismes clairs en cas de d\u00e9c\u00e8s ou d\u2019invalidit\u00e9, afin d\u2019assurer la continuit\u00e9 des activit\u00e9s et de prot\u00e9ger les int\u00e9r\u00eats de chacune des parties concern\u00e9es.<\/p>\n<h3>Assurance vie et diversification des actifs<\/h3>\n<p>Dans une approche de planification plus globale, certaines solutions d\u2019assurance vie peuvent aussi servir d&rsquo;outil compl\u00e9mentaire de <a href=\"https:\/\/www.vigilis.ca\/zone-conseils\/lassurance-comme-categorie-dactif\/\">diversification des actifs<\/a>. Leur traitement fiscal particulier, leur structure et leur horizon \u00e0 long terme peuvent offrir un profil diff\u00e9rent de celui des placements traditionnels.<\/p>\n<h3>La maximisation et la transmission du patrimoine<\/h3>\n<p>Int\u00e9gr\u00e9e dans une approche globale, l\u2019assurance vie peut \u00e9galement contribuer \u00e0 optimiser la croissance et la transmission de votre patrimoine. Elle permet de mieux planifier certains impacts fiscaux et de structurer votre succession de fa\u00e7on coh\u00e9rente avec vos objectifs \u00e0 long terme.<\/p>\n<h3>Le don planifi\u00e9 : concilier valeurs et planification<\/h3>\n<p>Pour les professionnels sensibles \u00e0 la philanthropie, l\u2019assurance vie peut soutenir une <a href=\"https:\/\/www.vigilis.ca\/zone-conseils\/maximiser-valeur-don\/\">strat\u00e9gie de don planifi\u00e9<\/a>. Elle permet de poser un geste significatif, align\u00e9 avec vos valeurs, tout en maintenant un \u00e9quilibre financier de votre vivant.<\/p>\n<h3>Une r\u00e9flexion \u00e0 revisiter dans le temps<\/h3>\n<p>Il existe autant de types d\u2019assurance vie que d\u2019applications possibles. Les solutions les plus pertinentes sont celles qui tiennent compte de votre situation, de vos priorit\u00e9s et de l\u2019\u00e9volution de votre parcours professionnel.<\/p>\n<p>C\u2019est pourquoi il est recommand\u00e9 <strong>de r\u00e9viser vos protections tous les deux \u00e0 trois ans, ou \u00e0 l\u2019occasion de changements importants<\/strong>, tels qu\u2019un nouveau r\u00f4le professionnel, l\u2019arriv\u00e9e d\u2019un associ\u00e9, l\u2019acquisition d\u2019actifs ou une \u00e9volution de votre situation familiale.<\/p>\n<h2><strong>N\u2019h\u00e9sitez pas \u00e0 en discuter avec votre conseiller financier ou \u00e0 prendre un moment pour <a href=\"https:\/\/calendly.com\/d\/crgg-9cx-gqk\">explorer les options qui s\u2019offrent \u00e0 vous avec un membre de l\u2019\u00e9quipe VIGILIS<\/a>.<\/strong><\/h2>\n<!-- AddThis Advanced Settings generic via filter on the_content --><!-- AddThis Share Buttons generic via filter on the_content -->","protected":false},"excerpt":{"rendered":"<p>Au fil de votre parcours, vos priorit\u00e9s \u00e9voluent. Votre situation personnelle et professionnelle change, et votre couverture d\u2019assurance gagne \u00e0 suivre le rythme. Souvent per\u00e7ue uniquement comme une mesure de protection, l\u2019assurance vie peut jouer un r\u00f4le tr\u00e8s structurant lorsqu\u2019elle est bien int\u00e9gr\u00e9e \u00e0 une planification globale. Au-del\u00e0 du simple capital d\u00e9c\u00e8s, elle peut : [&hellip;]<!-- AddThis Advanced Settings generic via filter on get_the_excerpt --><!-- AddThis Share Buttons generic via filter on get_the_excerpt --><\/p>\n","protected":false},"author":2,"featured_media":1206,"comment_status":"open","ping_status":"closed","sticky":false,"template":"","format":"standard","meta":{"_acf_changed":false,"_genesis_hide_title":false,"_genesis_hide_breadcrumbs":false,"_genesis_hide_singular_image":false,"_genesis_hide_footer_widgets":false,"_genesis_custom_body_class":"","_genesis_custom_post_class":"","_genesis_layout":"full-width-content","footnotes":""},"categories":[4,5,28,3],"tags":[],"class_list":{"0":"post-1201","1":"post","2":"type-post","3":"status-publish","4":"format-standard","5":"has-post-thumbnail","7":"category-cat-cpa","8":"category-cat-entreprises","9":"category-medecins","10":"category-cat-particuliers","11":"entry"},"acf":[],"yoast_head":"<!-- This site is optimized with the Yoast SEO plugin v27.0 - https:\/\/yoast.com\/product\/yoast-seo-wordpress\/ -->\n<title>Assurance vie : quand cette protection devient strat\u00e9gique - VIGILIS - Zone conseils<\/title>\n<meta name=\"description\" content=\"L\u2019assurance vie peut devenir un outil strat\u00e9gique pour les professionnels souhaitant structurer leurs risques, leur patrimoine et leur planification successorale.\" \/>\n<meta name=\"robots\" content=\"index, follow, max-snippet:-1, max-image-preview:large, max-video-preview:-1\" \/>\n<link rel=\"canonical\" href=\"https:\/\/www.vigilis.ca\/zone-conseils\/assurance-vie-protection-strategique\/\" \/>\n<meta property=\"og:locale\" content=\"fr_FR\" \/>\n<meta property=\"og:type\" content=\"article\" \/>\n<meta property=\"og:title\" content=\"Assurance vie : quand cette protection devient strat\u00e9gique - VIGILIS - Zone conseils\" \/>\n<meta property=\"og:description\" content=\"L\u2019assurance vie peut devenir un outil strat\u00e9gique pour les professionnels souhaitant structurer leurs risques, leur patrimoine et leur planification successorale.\" \/>\n<meta property=\"og:url\" content=\"https:\/\/www.vigilis.ca\/zone-conseils\/assurance-vie-protection-strategique\/\" \/>\n<meta property=\"og:site_name\" content=\"VIGILIS - Zone conseils\" \/>\n<meta property=\"article:published_time\" content=\"2026-01-19T15:37:57+00:00\" \/>\n<meta property=\"article:modified_time\" content=\"2026-01-19T15:55:25+00:00\" \/>\n<meta property=\"og:image\" content=\"https:\/\/www.vigilis.ca\/zone-conseils\/wp-content\/uploads\/2026\/01\/Assurance-vie-strategie.png\" \/>\n\t<meta property=\"og:image:width\" content=\"1140\" \/>\n\t<meta property=\"og:image:height\" content=\"500\" \/>\n\t<meta property=\"og:image:type\" content=\"image\/png\" \/>\n<meta name=\"author\" content=\"Myriam\" \/>\n<meta name=\"twitter:card\" content=\"summary_large_image\" \/>\n<meta name=\"twitter:label1\" content=\"\u00c9crit par\" \/>\n\t<meta name=\"twitter:data1\" content=\"Myriam\" \/>\n\t<meta name=\"twitter:label2\" content=\"Dur\u00e9e de lecture estim\u00e9e\" \/>\n\t<meta name=\"twitter:data2\" content=\"3 minutes\" \/>\n<script type=\"application\/ld+json\" class=\"yoast-schema-graph\">{\"@context\":\"https:\/\/schema.org\",\"@graph\":[{\"@type\":\"Article\",\"@id\":\"https:\/\/www.vigilis.ca\/zone-conseils\/assurance-vie-protection-strategique\/#article\",\"isPartOf\":{\"@id\":\"https:\/\/www.vigilis.ca\/zone-conseils\/assurance-vie-protection-strategique\/\"},\"author\":{\"name\":\"Myriam\",\"@id\":\"https:\/\/www.vigilis.ca\/zone-conseils\/#\/schema\/person\/c47d6343d1e7b9119ebb1b3c50c022d6\"},\"headline\":\"Assurance vie : quand cette protection devient strat\u00e9gique\",\"datePublished\":\"2026-01-19T15:37:57+00:00\",\"dateModified\":\"2026-01-19T15:55:25+00:00\",\"mainEntityOfPage\":{\"@id\":\"https:\/\/www.vigilis.ca\/zone-conseils\/assurance-vie-protection-strategique\/\"},\"wordCount\":501,\"commentCount\":0,\"image\":{\"@id\":\"https:\/\/www.vigilis.ca\/zone-conseils\/assurance-vie-protection-strategique\/#primaryimage\"},\"thumbnailUrl\":\"https:\/\/www.vigilis.ca\/zone-conseils\/wp-content\/uploads\/2026\/01\/Assurance-vie-strategie.png\",\"articleSection\":[\"CPA\",\"Entreprises\",\"M\u00e9decins\",\"Particuliers\"],\"inLanguage\":\"fr-FR\",\"potentialAction\":[{\"@type\":\"CommentAction\",\"name\":\"Comment\",\"target\":[\"https:\/\/www.vigilis.ca\/zone-conseils\/assurance-vie-protection-strategique\/#respond\"]}]},{\"@type\":\"WebPage\",\"@id\":\"https:\/\/www.vigilis.ca\/zone-conseils\/assurance-vie-protection-strategique\/\",\"url\":\"https:\/\/www.vigilis.ca\/zone-conseils\/assurance-vie-protection-strategique\/\",\"name\":\"Assurance vie : quand cette protection devient strat\u00e9gique - VIGILIS - Zone conseils\",\"isPartOf\":{\"@id\":\"https:\/\/www.vigilis.ca\/zone-conseils\/#website\"},\"primaryImageOfPage\":{\"@id\":\"https:\/\/www.vigilis.ca\/zone-conseils\/assurance-vie-protection-strategique\/#primaryimage\"},\"image\":{\"@id\":\"https:\/\/www.vigilis.ca\/zone-conseils\/assurance-vie-protection-strategique\/#primaryimage\"},\"thumbnailUrl\":\"https:\/\/www.vigilis.ca\/zone-conseils\/wp-content\/uploads\/2026\/01\/Assurance-vie-strategie.png\",\"datePublished\":\"2026-01-19T15:37:57+00:00\",\"dateModified\":\"2026-01-19T15:55:25+00:00\",\"author\":{\"@id\":\"https:\/\/www.vigilis.ca\/zone-conseils\/#\/schema\/person\/c47d6343d1e7b9119ebb1b3c50c022d6\"},\"description\":\"L\u2019assurance vie peut devenir un outil strat\u00e9gique pour les professionnels souhaitant structurer leurs risques, leur patrimoine et leur planification successorale.\",\"breadcrumb\":{\"@id\":\"https:\/\/www.vigilis.ca\/zone-conseils\/assurance-vie-protection-strategique\/#breadcrumb\"},\"inLanguage\":\"fr-FR\",\"potentialAction\":[{\"@type\":\"ReadAction\",\"target\":[\"https:\/\/www.vigilis.ca\/zone-conseils\/assurance-vie-protection-strategique\/\"]}]},{\"@type\":\"ImageObject\",\"inLanguage\":\"fr-FR\",\"@id\":\"https:\/\/www.vigilis.ca\/zone-conseils\/assurance-vie-protection-strategique\/#primaryimage\",\"url\":\"https:\/\/www.vigilis.ca\/zone-conseils\/wp-content\/uploads\/2026\/01\/Assurance-vie-strategie.png\",\"contentUrl\":\"https:\/\/www.vigilis.ca\/zone-conseils\/wp-content\/uploads\/2026\/01\/Assurance-vie-strategie.png\",\"width\":1140,\"height\":500},{\"@type\":\"BreadcrumbList\",\"@id\":\"https:\/\/www.vigilis.ca\/zone-conseils\/assurance-vie-protection-strategique\/#breadcrumb\",\"itemListElement\":[{\"@type\":\"ListItem\",\"position\":1,\"name\":\"Accueil\",\"item\":\"https:\/\/www.vigilis.ca\/zone-conseils\/\"},{\"@type\":\"ListItem\",\"position\":2,\"name\":\"Assurance vie : quand cette protection devient strat\u00e9gique\"}]},{\"@type\":\"WebSite\",\"@id\":\"https:\/\/www.vigilis.ca\/zone-conseils\/#website\",\"url\":\"https:\/\/www.vigilis.ca\/zone-conseils\/\",\"name\":\"VIGILIS - Zone conseils\",\"description\":\"\",\"potentialAction\":[{\"@type\":\"SearchAction\",\"target\":{\"@type\":\"EntryPoint\",\"urlTemplate\":\"https:\/\/www.vigilis.ca\/zone-conseils\/?s={search_term_string}\"},\"query-input\":{\"@type\":\"PropertyValueSpecification\",\"valueRequired\":true,\"valueName\":\"search_term_string\"}}],\"inLanguage\":\"fr-FR\"},{\"@type\":\"Person\",\"@id\":\"https:\/\/www.vigilis.ca\/zone-conseils\/#\/schema\/person\/c47d6343d1e7b9119ebb1b3c50c022d6\",\"name\":\"Myriam\",\"image\":{\"@type\":\"ImageObject\",\"inLanguage\":\"fr-FR\",\"@id\":\"https:\/\/www.vigilis.ca\/zone-conseils\/#\/schema\/person\/image\/\",\"url\":\"https:\/\/secure.gravatar.com\/avatar\/4f33c2fb39b67403c6768f47dd92598bb0259ccb56e50e00516048b55e2ae4a3?s=96&d=mm&r=g\",\"contentUrl\":\"https:\/\/secure.gravatar.com\/avatar\/4f33c2fb39b67403c6768f47dd92598bb0259ccb56e50e00516048b55e2ae4a3?s=96&d=mm&r=g\",\"caption\":\"Myriam\"}}]}<\/script>\n<!-- \/ Yoast SEO plugin. -->","yoast_head_json":{"title":"Assurance vie : quand cette protection devient strat\u00e9gique - VIGILIS - Zone conseils","description":"L\u2019assurance vie peut devenir un outil strat\u00e9gique pour les professionnels souhaitant structurer leurs risques, leur patrimoine et leur planification successorale.","robots":{"index":"index","follow":"follow","max-snippet":"max-snippet:-1","max-image-preview":"max-image-preview:large","max-video-preview":"max-video-preview:-1"},"canonical":"https:\/\/www.vigilis.ca\/zone-conseils\/assurance-vie-protection-strategique\/","og_locale":"fr_FR","og_type":"article","og_title":"Assurance vie : quand cette protection devient strat\u00e9gique - VIGILIS - Zone conseils","og_description":"L\u2019assurance vie peut devenir un outil strat\u00e9gique pour les professionnels souhaitant structurer leurs risques, leur patrimoine et leur planification successorale.","og_url":"https:\/\/www.vigilis.ca\/zone-conseils\/assurance-vie-protection-strategique\/","og_site_name":"VIGILIS - Zone conseils","article_published_time":"2026-01-19T15:37:57+00:00","article_modified_time":"2026-01-19T15:55:25+00:00","og_image":[{"width":1140,"height":500,"url":"https:\/\/www.vigilis.ca\/zone-conseils\/wp-content\/uploads\/2026\/01\/Assurance-vie-strategie.png","type":"image\/png"}],"author":"Myriam","twitter_card":"summary_large_image","twitter_misc":{"\u00c9crit par":"Myriam","Dur\u00e9e de lecture estim\u00e9e":"3 minutes"},"schema":{"@context":"https:\/\/schema.org","@graph":[{"@type":"Article","@id":"https:\/\/www.vigilis.ca\/zone-conseils\/assurance-vie-protection-strategique\/#article","isPartOf":{"@id":"https:\/\/www.vigilis.ca\/zone-conseils\/assurance-vie-protection-strategique\/"},"author":{"name":"Myriam","@id":"https:\/\/www.vigilis.ca\/zone-conseils\/#\/schema\/person\/c47d6343d1e7b9119ebb1b3c50c022d6"},"headline":"Assurance vie : quand cette protection devient strat\u00e9gique","datePublished":"2026-01-19T15:37:57+00:00","dateModified":"2026-01-19T15:55:25+00:00","mainEntityOfPage":{"@id":"https:\/\/www.vigilis.ca\/zone-conseils\/assurance-vie-protection-strategique\/"},"wordCount":501,"commentCount":0,"image":{"@id":"https:\/\/www.vigilis.ca\/zone-conseils\/assurance-vie-protection-strategique\/#primaryimage"},"thumbnailUrl":"https:\/\/www.vigilis.ca\/zone-conseils\/wp-content\/uploads\/2026\/01\/Assurance-vie-strategie.png","articleSection":["CPA","Entreprises","M\u00e9decins","Particuliers"],"inLanguage":"fr-FR","potentialAction":[{"@type":"CommentAction","name":"Comment","target":["https:\/\/www.vigilis.ca\/zone-conseils\/assurance-vie-protection-strategique\/#respond"]}]},{"@type":"WebPage","@id":"https:\/\/www.vigilis.ca\/zone-conseils\/assurance-vie-protection-strategique\/","url":"https:\/\/www.vigilis.ca\/zone-conseils\/assurance-vie-protection-strategique\/","name":"Assurance vie : quand cette protection devient strat\u00e9gique - VIGILIS - Zone conseils","isPartOf":{"@id":"https:\/\/www.vigilis.ca\/zone-conseils\/#website"},"primaryImageOfPage":{"@id":"https:\/\/www.vigilis.ca\/zone-conseils\/assurance-vie-protection-strategique\/#primaryimage"},"image":{"@id":"https:\/\/www.vigilis.ca\/zone-conseils\/assurance-vie-protection-strategique\/#primaryimage"},"thumbnailUrl":"https:\/\/www.vigilis.ca\/zone-conseils\/wp-content\/uploads\/2026\/01\/Assurance-vie-strategie.png","datePublished":"2026-01-19T15:37:57+00:00","dateModified":"2026-01-19T15:55:25+00:00","author":{"@id":"https:\/\/www.vigilis.ca\/zone-conseils\/#\/schema\/person\/c47d6343d1e7b9119ebb1b3c50c022d6"},"description":"L\u2019assurance vie peut devenir un outil strat\u00e9gique pour les professionnels souhaitant structurer leurs risques, leur patrimoine et leur planification successorale.","breadcrumb":{"@id":"https:\/\/www.vigilis.ca\/zone-conseils\/assurance-vie-protection-strategique\/#breadcrumb"},"inLanguage":"fr-FR","potentialAction":[{"@type":"ReadAction","target":["https:\/\/www.vigilis.ca\/zone-conseils\/assurance-vie-protection-strategique\/"]}]},{"@type":"ImageObject","inLanguage":"fr-FR","@id":"https:\/\/www.vigilis.ca\/zone-conseils\/assurance-vie-protection-strategique\/#primaryimage","url":"https:\/\/www.vigilis.ca\/zone-conseils\/wp-content\/uploads\/2026\/01\/Assurance-vie-strategie.png","contentUrl":"https:\/\/www.vigilis.ca\/zone-conseils\/wp-content\/uploads\/2026\/01\/Assurance-vie-strategie.png","width":1140,"height":500},{"@type":"BreadcrumbList","@id":"https:\/\/www.vigilis.ca\/zone-conseils\/assurance-vie-protection-strategique\/#breadcrumb","itemListElement":[{"@type":"ListItem","position":1,"name":"Accueil","item":"https:\/\/www.vigilis.ca\/zone-conseils\/"},{"@type":"ListItem","position":2,"name":"Assurance vie : quand cette protection devient strat\u00e9gique"}]},{"@type":"WebSite","@id":"https:\/\/www.vigilis.ca\/zone-conseils\/#website","url":"https:\/\/www.vigilis.ca\/zone-conseils\/","name":"VIGILIS - Zone conseils","description":"","potentialAction":[{"@type":"SearchAction","target":{"@type":"EntryPoint","urlTemplate":"https:\/\/www.vigilis.ca\/zone-conseils\/?s={search_term_string}"},"query-input":{"@type":"PropertyValueSpecification","valueRequired":true,"valueName":"search_term_string"}}],"inLanguage":"fr-FR"},{"@type":"Person","@id":"https:\/\/www.vigilis.ca\/zone-conseils\/#\/schema\/person\/c47d6343d1e7b9119ebb1b3c50c022d6","name":"Myriam","image":{"@type":"ImageObject","inLanguage":"fr-FR","@id":"https:\/\/www.vigilis.ca\/zone-conseils\/#\/schema\/person\/image\/","url":"https:\/\/secure.gravatar.com\/avatar\/4f33c2fb39b67403c6768f47dd92598bb0259ccb56e50e00516048b55e2ae4a3?s=96&d=mm&r=g","contentUrl":"https:\/\/secure.gravatar.com\/avatar\/4f33c2fb39b67403c6768f47dd92598bb0259ccb56e50e00516048b55e2ae4a3?s=96&d=mm&r=g","caption":"Myriam"}}]}},"rttpg_featured_image_url":{"full":["https:\/\/www.vigilis.ca\/zone-conseils\/wp-content\/uploads\/2026\/01\/Assurance-vie-strategie.png",1140,500,false],"landscape":["https:\/\/www.vigilis.ca\/zone-conseils\/wp-content\/uploads\/2026\/01\/Assurance-vie-strategie.png",1140,500,false],"portraits":["https:\/\/www.vigilis.ca\/zone-conseils\/wp-content\/uploads\/2026\/01\/Assurance-vie-strategie.png",1140,500,false],"thumbnail":["https:\/\/www.vigilis.ca\/zone-conseils\/wp-content\/uploads\/2026\/01\/Assurance-vie-strategie-150x150.png",150,150,true],"medium":["https:\/\/www.vigilis.ca\/zone-conseils\/wp-content\/uploads\/2026\/01\/Assurance-vie-strategie-300x132.png",300,132,true],"large":["https:\/\/www.vigilis.ca\/zone-conseils\/wp-content\/uploads\/2026\/01\/Assurance-vie-strategie.png",1140,500,false],"1536x1536":["https:\/\/www.vigilis.ca\/zone-conseils\/wp-content\/uploads\/2026\/01\/Assurance-vie-strategie.png",1140,500,false],"2048x2048":["https:\/\/www.vigilis.ca\/zone-conseils\/wp-content\/uploads\/2026\/01\/Assurance-vie-strategie.png",1140,500,false],"featured-image":["https:\/\/www.vigilis.ca\/zone-conseils\/wp-content\/uploads\/2026\/01\/Assurance-vie-strategie-358x200.png",358,200,true],"home-top":["https:\/\/www.vigilis.ca\/zone-conseils\/wp-content\/uploads\/2026\/01\/Assurance-vie-strategie-750x500.png",750,500,true],"crp_thumbnail":["https:\/\/www.vigilis.ca\/zone-conseils\/wp-content\/uploads\/2026\/01\/Assurance-vie-strategie-320x140.png",320,140,true]},"rttpg_author":{"display_name":"Myriam","author_link":"https:\/\/www.vigilis.ca\/zone-conseils\/author\/myriam-2\/"},"rttpg_comment":0,"rttpg_category":"<a href=\"https:\/\/www.vigilis.ca\/zone-conseils\/articles\/cat-cpa\/\" rel=\"category tag\">CPA<\/a> <a href=\"https:\/\/www.vigilis.ca\/zone-conseils\/articles\/cat-entreprises\/\" rel=\"category tag\">Entreprises<\/a> <a href=\"https:\/\/www.vigilis.ca\/zone-conseils\/articles\/medecins\/\" rel=\"category tag\">M\u00e9decins<\/a> <a href=\"https:\/\/www.vigilis.ca\/zone-conseils\/articles\/cat-particuliers\/\" rel=\"category tag\">Particuliers<\/a>","rttpg_excerpt":"Au fil de votre parcours, vos priorit\u00e9s \u00e9voluent. Votre situation personnelle et professionnelle change, et votre couverture d\u2019assurance gagne \u00e0 suivre le rythme. Souvent per\u00e7ue uniquement comme une mesure de protection, l\u2019assurance vie peut jouer un r\u00f4le tr\u00e8s structurant lorsqu\u2019elle est bien int\u00e9gr\u00e9e \u00e0 une planification globale. Au-del\u00e0 du simple capital d\u00e9c\u00e8s, elle peut :\u2026","_links":{"self":[{"href":"https:\/\/www.vigilis.ca\/zone-conseils\/wp-json\/wp\/v2\/posts\/1201","targetHints":{"allow":["GET"]}}],"collection":[{"href":"https:\/\/www.vigilis.ca\/zone-conseils\/wp-json\/wp\/v2\/posts"}],"about":[{"href":"https:\/\/www.vigilis.ca\/zone-conseils\/wp-json\/wp\/v2\/types\/post"}],"author":[{"embeddable":true,"href":"https:\/\/www.vigilis.ca\/zone-conseils\/wp-json\/wp\/v2\/users\/2"}],"replies":[{"embeddable":true,"href":"https:\/\/www.vigilis.ca\/zone-conseils\/wp-json\/wp\/v2\/comments?post=1201"}],"version-history":[{"count":12,"href":"https:\/\/www.vigilis.ca\/zone-conseils\/wp-json\/wp\/v2\/posts\/1201\/revisions"}],"predecessor-version":[{"id":1214,"href":"https:\/\/www.vigilis.ca\/zone-conseils\/wp-json\/wp\/v2\/posts\/1201\/revisions\/1214"}],"wp:featuredmedia":[{"embeddable":true,"href":"https:\/\/www.vigilis.ca\/zone-conseils\/wp-json\/wp\/v2\/media\/1206"}],"wp:attachment":[{"href":"https:\/\/www.vigilis.ca\/zone-conseils\/wp-json\/wp\/v2\/media?parent=1201"}],"wp:term":[{"taxonomy":"category","embeddable":true,"href":"https:\/\/www.vigilis.ca\/zone-conseils\/wp-json\/wp\/v2\/categories?post=1201"},{"taxonomy":"post_tag","embeddable":true,"href":"https:\/\/www.vigilis.ca\/zone-conseils\/wp-json\/wp\/v2\/tags?post=1201"}],"curies":[{"name":"wp","href":"https:\/\/api.w.org\/{rel}","templated":true}]}}