{"id":1181,"date":"2025-09-18T16:09:30","date_gmt":"2025-09-18T20:09:30","guid":{"rendered":"https:\/\/www.vigilis.ca\/zone-conseils\/?p=1181"},"modified":"2025-09-19T15:25:35","modified_gmt":"2025-09-19T19:25:35","slug":"proteger-son-revenu-assurance-invalidite","status":"publish","type":"post","link":"https:\/\/www.vigilis.ca\/zone-conseils\/proteger-son-revenu-assurance-invalidite\/","title":{"rendered":"Prot\u00e9ger sa capacit\u00e9 \u00e0 g\u00e9n\u00e9rer un revenu : un investissement dans l\u2019avenir"},"content":{"rendered":"<p><strong>Votre capacit\u00e9 \u00e0 g\u00e9n\u00e9rer un revenu est sans doute votre bien le plus pr\u00e9cieux. C\u2019est elle qui alimente vos projets, soutient votre famille et vous permet de b\u00e2tir l\u2019avenir dont vous r\u00eavez. La prot\u00e9ger, c\u2019est avant tout vous donner la libert\u00e9 de poursuivre vos ambitions, quelles que soient les circonstances.<\/strong><\/p>\n<h3><strong>Trois types de protections qui se compl\u00e8tent<\/strong><\/h3>\n<p>Il existe diff\u00e9rentes approches, qui peuvent coexister et se renforcer mutuellement :<\/p>\n<h2><strong>Assurance invalidit\u00e9 collective<\/strong><\/h2>\n<p>Offerte par l\u2019employeur, elle constitue une premi\u00e8re base de s\u00e9curit\u00e9. Les prestations couvrent g\u00e9n\u00e9ralement entre 60 % et 75 % du revenu, mais attention : elles peuvent \u00eatre imposables ou non, selon qui paie les primes. De courte dur\u00e9e, elles couvrent habituellement 17 ou 26 semaines, apr\u00e8s un d\u00e9lai de carence de 7 jours ou moins.\u00a0 De longue dur\u00e9e, elles peuvent \u00eatre vers\u00e9es jusqu\u2019\u00e0 65 ans apr\u00e8s une attente de 17 ou 26 semaines.<\/p>\n<h2><strong>Assurance invalidit\u00e9 individuelle<\/strong><\/h2>\n<p>Plus flexible, elle permet d\u2019adapter la couverture \u00e0 vos besoins et votre mode de vie. Elle vient personnaliser et bonifier la protection collective.<\/p>\n<h2><strong>Assurance dette (pr\u00eats et cr\u00e9dits)<\/strong><\/h2>\n<p>Elle garantit que vos obligations financi\u00e8res (hypoth\u00e8que, pr\u00eat auto, cartes de cr\u00e9dit) sont assum\u00e9es, m\u00eame en cas d\u2019invalidit\u00e9.<\/p>\n<h3><strong>L\u2019importance de bien comprendre ses protections<\/strong><\/h3>\n<p><strong>L\u2019objectif est de b\u00e2tir une strat\u00e9gie de protection coh\u00e9rente.<\/strong><\/p>\n<p>La couverture collective, lorsque disponible, est une base solide. Toutefois, plusieurs \u00e9l\u00e9ments peuvent r\u00e9duire la prestation r\u00e9ellement vers\u00e9e :<\/p>\n<ul>\n<li>Les maximums avec et sans preuves de bonne sant\u00e9, surtout si vous n\u2019avez pas soumis les preuves exig\u00e9es par l\u2019assureur.<\/li>\n<li>La r\u00e9duction indirecte (CAP), qui limite la prestation \u00e0 85 % de votre revenu pr\u00e9 invalidit\u00e9.<\/li>\n<\/ul>\n<p>La protection individuelle peut ajouter de la flexibilit\u00e9 et de la profondeur pour s\u00e9curiser le revenu jusqu\u2019\u00e0 la retraite. L\u2019assurance dette, quant \u00e0 elle, compl\u00e8te l\u2019ensemble en prot\u00e9geant vos engagements financiers.<\/p>\n<h3><strong>Les bonnes questions \u00e0 se poser <\/strong><\/h3>\n<p>Pour optimiser sa protection, il est essentiel de bien comprendre :<\/p>\n<ul>\n<li><strong>Le d\u00e9lai de carence est-il adapt\u00e9 \u00e0 mes besoins et liquidit\u00e9s?<\/strong><\/li>\n<li><strong>Ai-je r\u00e9ellement acc\u00e8s \u00e0 la pleine protection <\/strong>ou ai-je omis de soumettre des preuves de bonne sant\u00e9?<\/li>\n<li><strong>La d\u00e9finition d\u2019invalidit\u00e9 couvre-t-elle mon emploi actuel <\/strong>ou toute occupation?<\/li>\n<li><strong>Les prestations seront-elles imposables ou non? <\/strong>(selon qui paie les primes)?<\/li>\n<li><strong>Y a-t-il un CAP ou une clause qui limite le montant vers\u00e9?<\/strong><\/li>\n<li><strong>Quelle est la dur\u00e9e des prestations?<\/strong><\/li>\n<\/ul>\n<p>Se prot\u00e9ger n\u2019est pas une d\u00e9marche alarmiste : c\u2019est un choix intentionnel pour pr\u00e9server vos projets et votre qualit\u00e9 de vie, m\u00eame quand l\u2019impr\u00e9vu survient.<\/p>\n<ul>\n<li><strong>Savez-vous vraiment ce que couvrirait votre r\u00e9gime actuel?<\/strong><\/li>\n<li><strong>Vos prestations seraient-elles suffisantes pour maintenir votre qualit\u00e9 de vie?<\/strong><\/li>\n<\/ul>\n<h3><strong>Chez VIGILIS, nous accompagnons les professionnels et gens d\u2019affaires pour faire le point sur leurs protections, comprendre les subtilit\u00e9s de leurs r\u00e9gimes et identifier les ajustements n\u00e9cessaires afin de renforcer leur s\u00e9curit\u00e9 financi\u00e8re.<\/strong><\/h3>\n<h2>Vous aimeriez explorer vos options et clarifier votre situation? <a href=\"https:\/\/calendly.com\/d\/crgg-9cx-gqk\">Planifiez une rencontre exploratoire avec notre \u00e9quipe d\u00e8s aujourd\u2019hui.<\/a><\/h2>\n<!-- AddThis Advanced Settings generic via filter on the_content --><!-- AddThis Share Buttons generic via filter on the_content -->","protected":false},"excerpt":{"rendered":"<p>Votre capacit\u00e9 \u00e0 g\u00e9n\u00e9rer un revenu est sans doute votre bien le plus pr\u00e9cieux. C\u2019est elle qui alimente vos projets, soutient votre famille et vous permet de b\u00e2tir l\u2019avenir dont vous r\u00eavez. La prot\u00e9ger, c\u2019est avant tout vous donner la libert\u00e9 de poursuivre vos ambitions, quelles que soient les circonstances. Trois types de protections qui [&hellip;]<!-- AddThis Advanced Settings generic via filter on get_the_excerpt --><!-- AddThis Share Buttons generic via filter on get_the_excerpt --><\/p>\n","protected":false},"author":2,"featured_media":1185,"comment_status":"open","ping_status":"closed","sticky":false,"template":"","format":"standard","meta":{"_acf_changed":false,"_genesis_hide_title":false,"_genesis_hide_breadcrumbs":false,"_genesis_hide_singular_image":false,"_genesis_hide_footer_widgets":false,"_genesis_custom_body_class":"","_genesis_custom_post_class":"","_genesis_layout":"full-width-content","footnotes":""},"categories":[4,3],"tags":[],"class_list":{"0":"post-1181","1":"post","2":"type-post","3":"status-publish","4":"format-standard","5":"has-post-thumbnail","7":"category-cat-cpa","8":"category-cat-particuliers","9":"entry"},"acf":[],"yoast_head":"<!-- This site is optimized with the Yoast SEO plugin v27.0 - https:\/\/yoast.com\/product\/yoast-seo-wordpress\/ -->\n<title>Prot\u00e9ger sa capacit\u00e9 \u00e0 g\u00e9n\u00e9rer un revenu : un investissement dans l\u2019avenir - VIGILIS - Zone conseils<\/title>\n<meta name=\"description\" content=\"Prot\u00e9gez votre revenu et vos projets de vie. D\u00e9couvrez comment combiner assurances collective, individuelle et dette pour une s\u00e9curit\u00e9 financi\u00e8re durable.\" \/>\n<meta name=\"robots\" content=\"index, follow, max-snippet:-1, max-image-preview:large, max-video-preview:-1\" \/>\n<link rel=\"canonical\" href=\"https:\/\/www.vigilis.ca\/zone-conseils\/proteger-son-revenu-assurance-invalidite\/\" \/>\n<meta property=\"og:locale\" content=\"fr_FR\" \/>\n<meta property=\"og:type\" content=\"article\" \/>\n<meta property=\"og:title\" content=\"Prot\u00e9ger sa capacit\u00e9 \u00e0 g\u00e9n\u00e9rer un revenu : un investissement dans l\u2019avenir - VIGILIS - Zone conseils\" \/>\n<meta property=\"og:description\" content=\"Prot\u00e9gez votre revenu et vos projets de vie. D\u00e9couvrez comment combiner assurances collective, individuelle et dette pour une s\u00e9curit\u00e9 financi\u00e8re durable.\" \/>\n<meta property=\"og:url\" content=\"https:\/\/www.vigilis.ca\/zone-conseils\/proteger-son-revenu-assurance-invalidite\/\" \/>\n<meta property=\"og:site_name\" content=\"VIGILIS - Zone conseils\" \/>\n<meta property=\"article:published_time\" content=\"2025-09-18T20:09:30+00:00\" \/>\n<meta property=\"article:modified_time\" content=\"2025-09-19T19:25:35+00:00\" \/>\n<meta property=\"og:image\" content=\"https:\/\/www.vigilis.ca\/zone-conseils\/wp-content\/uploads\/2025\/09\/proteger-son-revenu.jpg\" \/>\n\t<meta property=\"og:image:width\" content=\"1140\" \/>\n\t<meta property=\"og:image:height\" content=\"500\" \/>\n\t<meta property=\"og:image:type\" content=\"image\/jpeg\" \/>\n<meta name=\"author\" content=\"Myriam\" \/>\n<meta name=\"twitter:card\" content=\"summary_large_image\" \/>\n<meta name=\"twitter:label1\" content=\"\u00c9crit par\" \/>\n\t<meta name=\"twitter:data1\" content=\"Myriam\" \/>\n\t<meta name=\"twitter:label2\" content=\"Dur\u00e9e de lecture estim\u00e9e\" \/>\n\t<meta name=\"twitter:data2\" content=\"3 minutes\" \/>\n<script type=\"application\/ld+json\" class=\"yoast-schema-graph\">{\"@context\":\"https:\/\/schema.org\",\"@graph\":[{\"@type\":\"Article\",\"@id\":\"https:\/\/www.vigilis.ca\/zone-conseils\/proteger-son-revenu-assurance-invalidite\/#article\",\"isPartOf\":{\"@id\":\"https:\/\/www.vigilis.ca\/zone-conseils\/proteger-son-revenu-assurance-invalidite\/\"},\"author\":{\"name\":\"Myriam\",\"@id\":\"https:\/\/www.vigilis.ca\/zone-conseils\/#\/schema\/person\/c47d6343d1e7b9119ebb1b3c50c022d6\"},\"headline\":\"Prot\u00e9ger sa capacit\u00e9 \u00e0 g\u00e9n\u00e9rer un revenu : un investissement dans l\u2019avenir\",\"datePublished\":\"2025-09-18T20:09:30+00:00\",\"dateModified\":\"2025-09-19T19:25:35+00:00\",\"mainEntityOfPage\":{\"@id\":\"https:\/\/www.vigilis.ca\/zone-conseils\/proteger-son-revenu-assurance-invalidite\/\"},\"wordCount\":538,\"commentCount\":0,\"image\":{\"@id\":\"https:\/\/www.vigilis.ca\/zone-conseils\/proteger-son-revenu-assurance-invalidite\/#primaryimage\"},\"thumbnailUrl\":\"https:\/\/www.vigilis.ca\/zone-conseils\/wp-content\/uploads\/2025\/09\/proteger-son-revenu.jpg\",\"articleSection\":[\"CPA\",\"Particuliers\"],\"inLanguage\":\"fr-FR\",\"potentialAction\":[{\"@type\":\"CommentAction\",\"name\":\"Comment\",\"target\":[\"https:\/\/www.vigilis.ca\/zone-conseils\/proteger-son-revenu-assurance-invalidite\/#respond\"]}]},{\"@type\":\"WebPage\",\"@id\":\"https:\/\/www.vigilis.ca\/zone-conseils\/proteger-son-revenu-assurance-invalidite\/\",\"url\":\"https:\/\/www.vigilis.ca\/zone-conseils\/proteger-son-revenu-assurance-invalidite\/\",\"name\":\"Prot\u00e9ger sa capacit\u00e9 \u00e0 g\u00e9n\u00e9rer un revenu : un investissement dans l\u2019avenir - VIGILIS - Zone conseils\",\"isPartOf\":{\"@id\":\"https:\/\/www.vigilis.ca\/zone-conseils\/#website\"},\"primaryImageOfPage\":{\"@id\":\"https:\/\/www.vigilis.ca\/zone-conseils\/proteger-son-revenu-assurance-invalidite\/#primaryimage\"},\"image\":{\"@id\":\"https:\/\/www.vigilis.ca\/zone-conseils\/proteger-son-revenu-assurance-invalidite\/#primaryimage\"},\"thumbnailUrl\":\"https:\/\/www.vigilis.ca\/zone-conseils\/wp-content\/uploads\/2025\/09\/proteger-son-revenu.jpg\",\"datePublished\":\"2025-09-18T20:09:30+00:00\",\"dateModified\":\"2025-09-19T19:25:35+00:00\",\"author\":{\"@id\":\"https:\/\/www.vigilis.ca\/zone-conseils\/#\/schema\/person\/c47d6343d1e7b9119ebb1b3c50c022d6\"},\"description\":\"Prot\u00e9gez votre revenu et vos projets de vie. D\u00e9couvrez comment combiner assurances collective, individuelle et dette pour une s\u00e9curit\u00e9 financi\u00e8re durable.\",\"breadcrumb\":{\"@id\":\"https:\/\/www.vigilis.ca\/zone-conseils\/proteger-son-revenu-assurance-invalidite\/#breadcrumb\"},\"inLanguage\":\"fr-FR\",\"potentialAction\":[{\"@type\":\"ReadAction\",\"target\":[\"https:\/\/www.vigilis.ca\/zone-conseils\/proteger-son-revenu-assurance-invalidite\/\"]}]},{\"@type\":\"ImageObject\",\"inLanguage\":\"fr-FR\",\"@id\":\"https:\/\/www.vigilis.ca\/zone-conseils\/proteger-son-revenu-assurance-invalidite\/#primaryimage\",\"url\":\"https:\/\/www.vigilis.ca\/zone-conseils\/wp-content\/uploads\/2025\/09\/proteger-son-revenu.jpg\",\"contentUrl\":\"https:\/\/www.vigilis.ca\/zone-conseils\/wp-content\/uploads\/2025\/09\/proteger-son-revenu.jpg\",\"width\":1140,\"height\":500,\"caption\":\"Photo article Prot\u00e9ger sa capacit\u00e9 de g\u00e9n\u00e9rer un revenu : un investissement dans l\u2019avenir\"},{\"@type\":\"BreadcrumbList\",\"@id\":\"https:\/\/www.vigilis.ca\/zone-conseils\/proteger-son-revenu-assurance-invalidite\/#breadcrumb\",\"itemListElement\":[{\"@type\":\"ListItem\",\"position\":1,\"name\":\"Accueil\",\"item\":\"https:\/\/www.vigilis.ca\/zone-conseils\/\"},{\"@type\":\"ListItem\",\"position\":2,\"name\":\"Prot\u00e9ger sa capacit\u00e9 \u00e0 g\u00e9n\u00e9rer un revenu : un investissement dans l\u2019avenir\"}]},{\"@type\":\"WebSite\",\"@id\":\"https:\/\/www.vigilis.ca\/zone-conseils\/#website\",\"url\":\"https:\/\/www.vigilis.ca\/zone-conseils\/\",\"name\":\"VIGILIS - Zone conseils\",\"description\":\"\",\"potentialAction\":[{\"@type\":\"SearchAction\",\"target\":{\"@type\":\"EntryPoint\",\"urlTemplate\":\"https:\/\/www.vigilis.ca\/zone-conseils\/?s={search_term_string}\"},\"query-input\":{\"@type\":\"PropertyValueSpecification\",\"valueRequired\":true,\"valueName\":\"search_term_string\"}}],\"inLanguage\":\"fr-FR\"},{\"@type\":\"Person\",\"@id\":\"https:\/\/www.vigilis.ca\/zone-conseils\/#\/schema\/person\/c47d6343d1e7b9119ebb1b3c50c022d6\",\"name\":\"Myriam\",\"image\":{\"@type\":\"ImageObject\",\"inLanguage\":\"fr-FR\",\"@id\":\"https:\/\/www.vigilis.ca\/zone-conseils\/#\/schema\/person\/image\/\",\"url\":\"https:\/\/secure.gravatar.com\/avatar\/4f33c2fb39b67403c6768f47dd92598bb0259ccb56e50e00516048b55e2ae4a3?s=96&d=mm&r=g\",\"contentUrl\":\"https:\/\/secure.gravatar.com\/avatar\/4f33c2fb39b67403c6768f47dd92598bb0259ccb56e50e00516048b55e2ae4a3?s=96&d=mm&r=g\",\"caption\":\"Myriam\"}}]}<\/script>\n<!-- \/ Yoast SEO plugin. -->","yoast_head_json":{"title":"Prot\u00e9ger sa capacit\u00e9 \u00e0 g\u00e9n\u00e9rer un revenu : un investissement dans l\u2019avenir - VIGILIS - Zone conseils","description":"Prot\u00e9gez votre revenu et vos projets de vie. D\u00e9couvrez comment combiner assurances collective, individuelle et dette pour une s\u00e9curit\u00e9 financi\u00e8re durable.","robots":{"index":"index","follow":"follow","max-snippet":"max-snippet:-1","max-image-preview":"max-image-preview:large","max-video-preview":"max-video-preview:-1"},"canonical":"https:\/\/www.vigilis.ca\/zone-conseils\/proteger-son-revenu-assurance-invalidite\/","og_locale":"fr_FR","og_type":"article","og_title":"Prot\u00e9ger sa capacit\u00e9 \u00e0 g\u00e9n\u00e9rer un revenu : un investissement dans l\u2019avenir - VIGILIS - Zone conseils","og_description":"Prot\u00e9gez votre revenu et vos projets de vie. D\u00e9couvrez comment combiner assurances collective, individuelle et dette pour une s\u00e9curit\u00e9 financi\u00e8re durable.","og_url":"https:\/\/www.vigilis.ca\/zone-conseils\/proteger-son-revenu-assurance-invalidite\/","og_site_name":"VIGILIS - Zone conseils","article_published_time":"2025-09-18T20:09:30+00:00","article_modified_time":"2025-09-19T19:25:35+00:00","og_image":[{"width":1140,"height":500,"url":"https:\/\/www.vigilis.ca\/zone-conseils\/wp-content\/uploads\/2025\/09\/proteger-son-revenu.jpg","type":"image\/jpeg"}],"author":"Myriam","twitter_card":"summary_large_image","twitter_misc":{"\u00c9crit par":"Myriam","Dur\u00e9e de lecture estim\u00e9e":"3 minutes"},"schema":{"@context":"https:\/\/schema.org","@graph":[{"@type":"Article","@id":"https:\/\/www.vigilis.ca\/zone-conseils\/proteger-son-revenu-assurance-invalidite\/#article","isPartOf":{"@id":"https:\/\/www.vigilis.ca\/zone-conseils\/proteger-son-revenu-assurance-invalidite\/"},"author":{"name":"Myriam","@id":"https:\/\/www.vigilis.ca\/zone-conseils\/#\/schema\/person\/c47d6343d1e7b9119ebb1b3c50c022d6"},"headline":"Prot\u00e9ger sa capacit\u00e9 \u00e0 g\u00e9n\u00e9rer un revenu : un investissement dans l\u2019avenir","datePublished":"2025-09-18T20:09:30+00:00","dateModified":"2025-09-19T19:25:35+00:00","mainEntityOfPage":{"@id":"https:\/\/www.vigilis.ca\/zone-conseils\/proteger-son-revenu-assurance-invalidite\/"},"wordCount":538,"commentCount":0,"image":{"@id":"https:\/\/www.vigilis.ca\/zone-conseils\/proteger-son-revenu-assurance-invalidite\/#primaryimage"},"thumbnailUrl":"https:\/\/www.vigilis.ca\/zone-conseils\/wp-content\/uploads\/2025\/09\/proteger-son-revenu.jpg","articleSection":["CPA","Particuliers"],"inLanguage":"fr-FR","potentialAction":[{"@type":"CommentAction","name":"Comment","target":["https:\/\/www.vigilis.ca\/zone-conseils\/proteger-son-revenu-assurance-invalidite\/#respond"]}]},{"@type":"WebPage","@id":"https:\/\/www.vigilis.ca\/zone-conseils\/proteger-son-revenu-assurance-invalidite\/","url":"https:\/\/www.vigilis.ca\/zone-conseils\/proteger-son-revenu-assurance-invalidite\/","name":"Prot\u00e9ger sa capacit\u00e9 \u00e0 g\u00e9n\u00e9rer un revenu : un investissement dans l\u2019avenir - VIGILIS - Zone conseils","isPartOf":{"@id":"https:\/\/www.vigilis.ca\/zone-conseils\/#website"},"primaryImageOfPage":{"@id":"https:\/\/www.vigilis.ca\/zone-conseils\/proteger-son-revenu-assurance-invalidite\/#primaryimage"},"image":{"@id":"https:\/\/www.vigilis.ca\/zone-conseils\/proteger-son-revenu-assurance-invalidite\/#primaryimage"},"thumbnailUrl":"https:\/\/www.vigilis.ca\/zone-conseils\/wp-content\/uploads\/2025\/09\/proteger-son-revenu.jpg","datePublished":"2025-09-18T20:09:30+00:00","dateModified":"2025-09-19T19:25:35+00:00","author":{"@id":"https:\/\/www.vigilis.ca\/zone-conseils\/#\/schema\/person\/c47d6343d1e7b9119ebb1b3c50c022d6"},"description":"Prot\u00e9gez votre revenu et vos projets de vie. D\u00e9couvrez comment combiner assurances collective, individuelle et dette pour une s\u00e9curit\u00e9 financi\u00e8re durable.","breadcrumb":{"@id":"https:\/\/www.vigilis.ca\/zone-conseils\/proteger-son-revenu-assurance-invalidite\/#breadcrumb"},"inLanguage":"fr-FR","potentialAction":[{"@type":"ReadAction","target":["https:\/\/www.vigilis.ca\/zone-conseils\/proteger-son-revenu-assurance-invalidite\/"]}]},{"@type":"ImageObject","inLanguage":"fr-FR","@id":"https:\/\/www.vigilis.ca\/zone-conseils\/proteger-son-revenu-assurance-invalidite\/#primaryimage","url":"https:\/\/www.vigilis.ca\/zone-conseils\/wp-content\/uploads\/2025\/09\/proteger-son-revenu.jpg","contentUrl":"https:\/\/www.vigilis.ca\/zone-conseils\/wp-content\/uploads\/2025\/09\/proteger-son-revenu.jpg","width":1140,"height":500,"caption":"Photo article Prot\u00e9ger sa capacit\u00e9 de g\u00e9n\u00e9rer un revenu : un investissement dans l\u2019avenir"},{"@type":"BreadcrumbList","@id":"https:\/\/www.vigilis.ca\/zone-conseils\/proteger-son-revenu-assurance-invalidite\/#breadcrumb","itemListElement":[{"@type":"ListItem","position":1,"name":"Accueil","item":"https:\/\/www.vigilis.ca\/zone-conseils\/"},{"@type":"ListItem","position":2,"name":"Prot\u00e9ger sa capacit\u00e9 \u00e0 g\u00e9n\u00e9rer un revenu : un investissement dans l\u2019avenir"}]},{"@type":"WebSite","@id":"https:\/\/www.vigilis.ca\/zone-conseils\/#website","url":"https:\/\/www.vigilis.ca\/zone-conseils\/","name":"VIGILIS - Zone conseils","description":"","potentialAction":[{"@type":"SearchAction","target":{"@type":"EntryPoint","urlTemplate":"https:\/\/www.vigilis.ca\/zone-conseils\/?s={search_term_string}"},"query-input":{"@type":"PropertyValueSpecification","valueRequired":true,"valueName":"search_term_string"}}],"inLanguage":"fr-FR"},{"@type":"Person","@id":"https:\/\/www.vigilis.ca\/zone-conseils\/#\/schema\/person\/c47d6343d1e7b9119ebb1b3c50c022d6","name":"Myriam","image":{"@type":"ImageObject","inLanguage":"fr-FR","@id":"https:\/\/www.vigilis.ca\/zone-conseils\/#\/schema\/person\/image\/","url":"https:\/\/secure.gravatar.com\/avatar\/4f33c2fb39b67403c6768f47dd92598bb0259ccb56e50e00516048b55e2ae4a3?s=96&d=mm&r=g","contentUrl":"https:\/\/secure.gravatar.com\/avatar\/4f33c2fb39b67403c6768f47dd92598bb0259ccb56e50e00516048b55e2ae4a3?s=96&d=mm&r=g","caption":"Myriam"}}]}},"rttpg_featured_image_url":{"full":["https:\/\/www.vigilis.ca\/zone-conseils\/wp-content\/uploads\/2025\/09\/proteger-son-revenu.jpg",1140,500,false],"landscape":["https:\/\/www.vigilis.ca\/zone-conseils\/wp-content\/uploads\/2025\/09\/proteger-son-revenu.jpg",1140,500,false],"portraits":["https:\/\/www.vigilis.ca\/zone-conseils\/wp-content\/uploads\/2025\/09\/proteger-son-revenu.jpg",1140,500,false],"thumbnail":["https:\/\/www.vigilis.ca\/zone-conseils\/wp-content\/uploads\/2025\/09\/proteger-son-revenu-150x150.jpg",150,150,true],"medium":["https:\/\/www.vigilis.ca\/zone-conseils\/wp-content\/uploads\/2025\/09\/proteger-son-revenu-300x132.jpg",300,132,true],"large":["https:\/\/www.vigilis.ca\/zone-conseils\/wp-content\/uploads\/2025\/09\/proteger-son-revenu.jpg",1140,500,false],"1536x1536":["https:\/\/www.vigilis.ca\/zone-conseils\/wp-content\/uploads\/2025\/09\/proteger-son-revenu.jpg",1140,500,false],"2048x2048":["https:\/\/www.vigilis.ca\/zone-conseils\/wp-content\/uploads\/2025\/09\/proteger-son-revenu.jpg",1140,500,false],"featured-image":["https:\/\/www.vigilis.ca\/zone-conseils\/wp-content\/uploads\/2025\/09\/proteger-son-revenu-358x200.jpg",358,200,true],"home-top":["https:\/\/www.vigilis.ca\/zone-conseils\/wp-content\/uploads\/2025\/09\/proteger-son-revenu-750x500.jpg",750,500,true],"crp_thumbnail":["https:\/\/www.vigilis.ca\/zone-conseils\/wp-content\/uploads\/2025\/09\/proteger-son-revenu-320x140.jpg",320,140,true]},"rttpg_author":{"display_name":"Myriam","author_link":"https:\/\/www.vigilis.ca\/zone-conseils\/author\/myriam-2\/"},"rttpg_comment":4,"rttpg_category":"<a href=\"https:\/\/www.vigilis.ca\/zone-conseils\/articles\/cat-cpa\/\" rel=\"category tag\">CPA<\/a> <a href=\"https:\/\/www.vigilis.ca\/zone-conseils\/articles\/cat-particuliers\/\" rel=\"category tag\">Particuliers<\/a>","rttpg_excerpt":"Votre capacit\u00e9 \u00e0 g\u00e9n\u00e9rer un revenu est sans doute votre bien le plus pr\u00e9cieux. C\u2019est elle qui alimente vos projets, soutient votre famille et vous permet de b\u00e2tir l\u2019avenir dont vous r\u00eavez. La prot\u00e9ger, c\u2019est avant tout vous donner la libert\u00e9 de poursuivre vos ambitions, quelles que soient les circonstances. Trois types de protections qui\u2026","_links":{"self":[{"href":"https:\/\/www.vigilis.ca\/zone-conseils\/wp-json\/wp\/v2\/posts\/1181","targetHints":{"allow":["GET"]}}],"collection":[{"href":"https:\/\/www.vigilis.ca\/zone-conseils\/wp-json\/wp\/v2\/posts"}],"about":[{"href":"https:\/\/www.vigilis.ca\/zone-conseils\/wp-json\/wp\/v2\/types\/post"}],"author":[{"embeddable":true,"href":"https:\/\/www.vigilis.ca\/zone-conseils\/wp-json\/wp\/v2\/users\/2"}],"replies":[{"embeddable":true,"href":"https:\/\/www.vigilis.ca\/zone-conseils\/wp-json\/wp\/v2\/comments?post=1181"}],"version-history":[{"count":12,"href":"https:\/\/www.vigilis.ca\/zone-conseils\/wp-json\/wp\/v2\/posts\/1181\/revisions"}],"predecessor-version":[{"id":1194,"href":"https:\/\/www.vigilis.ca\/zone-conseils\/wp-json\/wp\/v2\/posts\/1181\/revisions\/1194"}],"wp:featuredmedia":[{"embeddable":true,"href":"https:\/\/www.vigilis.ca\/zone-conseils\/wp-json\/wp\/v2\/media\/1185"}],"wp:attachment":[{"href":"https:\/\/www.vigilis.ca\/zone-conseils\/wp-json\/wp\/v2\/media?parent=1181"}],"wp:term":[{"taxonomy":"category","embeddable":true,"href":"https:\/\/www.vigilis.ca\/zone-conseils\/wp-json\/wp\/v2\/categories?post=1181"},{"taxonomy":"post_tag","embeddable":true,"href":"https:\/\/www.vigilis.ca\/zone-conseils\/wp-json\/wp\/v2\/tags?post=1181"}],"curies":[{"name":"wp","href":"https:\/\/api.w.org\/{rel}","templated":true}]}}