{"id":1110,"date":"2025-06-17T13:00:44","date_gmt":"2025-06-17T17:00:44","guid":{"rendered":"https:\/\/www.vigilis.ca\/zone-conseils\/?p=1110"},"modified":"2025-06-17T13:00:44","modified_gmt":"2025-06-17T17:00:44","slug":"valeur-avantages-sociaux","status":"publish","type":"post","link":"https:\/\/www.vigilis.ca\/zone-conseils\/valeur-avantages-sociaux\/","title":{"rendered":"Vos employ\u00e9s connaissent-ils la v\u00e9ritable valeur de leur emploi?"},"content":{"rendered":"<p><strong>Les avantages sociaux occupent aujourd\u2019hui une place strat\u00e9gique dans la proposition de valeur employeur. Assurance et \u00e9pargne collective, soutien en sant\u00e9 mentale, t\u00e9l\u00e9consultation, cong\u00e9s bonifi\u00e9s\u2026 Ces \u00e9l\u00e9ments vont bien au-del\u00e0 d\u2019un simple compl\u00e9ment salarial\u202f: ils traduisent la culture, les valeurs et la vision \u00e0 long terme d\u2019un employeur.<\/strong><\/p>\n<p>Pourtant, malgr\u00e9 leur importance, de nombreux employ\u00e9s ne r\u00e9alisent pas pleinement tout ce que leur emploi leur procure, ni en termes de protection, ni de s\u00e9curit\u00e9 financi\u00e8re ou de qualit\u00e9 de vie. Ils peuvent parfois ignorer l\u2019existence de certains b\u00e9n\u00e9fices, ou n\u2019en saisir que partiellement la port\u00e9e.<\/p>\n<p>Or, cette m\u00e9connaissance a un prix pour eux, mais aussi pour vous.<\/p>\n<h3><strong>Pourquoi la perception des avantages sociaux est-elle si importante, comme employeur<\/strong><\/h3>\n<h3>1. Maximiser les investissements RH existants<\/h3>\n<p>Les r\u00e9gimes d\u2019assurance collective repr\u00e9sentent entre part croissante de la r\u00e9mun\u00e9ration totale d\u2019un employ\u00e9. Si cette valeur n\u2019est pas bien communiqu\u00e9e ou comprise, une partie importante de vos efforts en gestion des talents passe sous le radar.<\/p>\n<p><strong>Et ce n\u2019est pas qu\u2019une question de reconnaissance : une bonne communication permet aussi de pr\u00e9venir une mauvaise utilisation des r\u00e9gimes, ce qui peut contribuer \u00e0 mod\u00e9rer l\u2019augmentation des primes \u00e0 long terme.<\/strong><\/p>\n<h3>Favoriser l\u2019engagement et la r\u00e9tention<\/h3>\n<p>Un employ\u00e9 qui comprend qu\u2019il b\u00e9n\u00e9ficie d\u2019une couverture sant\u00e9 compl\u00e8te, d\u2019un programme d\u2019\u00e9pargne accessible ou d\u2019un soutien psychologique rapide d\u00e9veloppe un sentiment de s\u00e9curit\u00e9 et de reconnaissance. Cela renforce naturellement sa loyaut\u00e9, son engagement et contribue \u00e0 en faire un ambassadeur de votre entreprise.<\/p>\n<h3>Outiller vos gestionnaires<\/h3>\n<p>Les gestionnaires jouent souvent un r\u00f4le cl\u00e9 dans la transmission de l\u2019information. S\u2019ils ne se sentent pas \u00e0 l\u2019aise d\u2019en parler, ou ne poss\u00e8dent pas les bons outils pour le faire, la communication autour des r\u00e9gimes reste fragmentaire.<\/p>\n<h3>Rehausser la valeur per\u00e7ue de l\u2019emploi, sans augmenter les co\u00fbts<\/h3>\n<p>Mieux faire conna\u00eetre ce que vous offrez d\u00e9j\u00e0 permet d\u2019en augmenter la valeur per\u00e7ue, sans n\u00e9cessairement revoir les budgets ou les protections offertes.<\/p>\n<h3><strong>Quelques constats cl\u00e9s pour alimenter votre r\u00e9flexion<\/strong><\/h3>\n<ul>\n<li>Le rapport 2024 sur la Sant\u00e9 et le bien-\u00eatre au travail de notre partenaire Dialogue d\u00e9montre clairement que la quasi-totalit\u00e9 de la main-d\u2019\u0153uvre canadienne souhaite am\u00e9liorer son bien-\u00eatre et croit que les employeurs peuvent jouer un r\u00f4le actif \u00e0 cet \u00e9gard.<\/li>\n<li>D\u2019ailleurs, selon une \u00e9tude Ranstad publi\u00e9 en 2023, 69\u202f% des travailleurs canadiens choisissent leur employeur en fonction de la r\u00e9mun\u00e9ration et des avantages sociaux.<\/li>\n<li>Pourtant, pr\u00e8s de 50\u202f% des employ\u00e9s affirment que le seul moment o\u00f9 ils entendent parler de leurs avantages sociaux est lors de l\u2019adh\u00e9sion initiale.<\/li>\n<li>Enfin, plus de la moiti\u00e9 des employ\u00e9s n\u2019auraient jamais utilis\u00e9 leur programme d\u2019aide aux employ\u00e9s (PAE), souvent par manque d&rsquo;information ou de compr\u00e9hension.<\/li>\n<\/ul>\n<p><strong>Ces donn\u00e9es r\u00e9v\u00e8lent un \u00e9cart fr\u00e9quent entre ce qui est offert et ce qui est per\u00e7u. Il ne s\u2019agit pas d\u2019un probl\u00e8me de g\u00e9n\u00e9rosit\u00e9 de la part des employeurs, mais bien d\u2019un d\u00e9fi de communication et de p\u00e9dagogie. Et c\u2019est pr\u00e9cis\u00e9ment sur cet aspect que des actions concr\u00e8tes peuvent faire toute la diff\u00e9rence.<\/strong><\/p>\n<h3><strong>Comment mieux valoriser vos r\u00e9gimes collectifs?<\/strong><\/h3>\n<p>Voici quelques pistes concr\u00e8tes que nous explorons souvent avec nos clients\u202f:<\/p>\n<ul>\n<li><strong>Revoir le langage et les supports de communication<\/strong> : \u00e9viter le jargon, vulgariser les b\u00e9n\u00e9fices, illustrer par des exemples de la vie r\u00e9elle.<\/li>\n<li><strong>Cr\u00e9er des moments-cl\u00e9s dans l\u2019ann\u00e9e pour reparler des r\u00e9gimes<\/strong> (rappel des protections, mise en valeur de la t\u00e9l\u00e9m\u00e9decine, simulations d\u2019\u00e9pargne, etc.).<\/li>\n<li><strong>Int\u00e9grer une dimension humaine<\/strong> : offrir aux employ\u00e9s la possibilit\u00e9 de poser leurs questions, d\u2019\u00e9changer avec un conseiller, de recevoir des conseils adapt\u00e9s \u00e0 leur r\u00e9alit\u00e9.<\/li>\n<li><strong>Former les gestionnaires<\/strong> pour qu\u2019ils soient \u00e0 l\u2019aise de parler des avantages offerts, en toute simplicit\u00e9.<\/li>\n<\/ul>\n<h3><strong>Et concr\u00e8tement, par o\u00f9 commencer?<\/strong><\/h3>\n<h2><strong>La valorisation des avantages sociaux commence souvent par une simple conversation.<\/strong> <a href=\"https:\/\/calendly.com\/d\/crgg-9cx-gqk\"><strong>Et si on prenait un moment pour parler de la v\u00f4tre?<\/strong><\/a><\/h2>\n<!-- AddThis Advanced Settings generic via filter on the_content --><!-- AddThis Share Buttons generic via filter on the_content -->","protected":false},"excerpt":{"rendered":"<p>Les avantages sociaux occupent aujourd\u2019hui une place strat\u00e9gique dans la proposition de valeur employeur. Assurance et \u00e9pargne collective, soutien en sant\u00e9 mentale, t\u00e9l\u00e9consultation, cong\u00e9s bonifi\u00e9s\u2026 Ces \u00e9l\u00e9ments vont bien au-del\u00e0 d\u2019un simple compl\u00e9ment salarial\u202f: ils traduisent la culture, les valeurs et la vision \u00e0 long terme d\u2019un employeur. Pourtant, malgr\u00e9 leur importance, de nombreux employ\u00e9s [&hellip;]<!-- AddThis Advanced Settings generic via filter on get_the_excerpt --><!-- AddThis Share Buttons generic via filter on get_the_excerpt --><\/p>\n","protected":false},"author":2,"featured_media":1111,"comment_status":"open","ping_status":"closed","sticky":false,"template":"","format":"standard","meta":{"_acf_changed":false,"_genesis_hide_title":false,"_genesis_hide_breadcrumbs":false,"_genesis_hide_singular_image":false,"_genesis_hide_footer_widgets":false,"_genesis_custom_body_class":"","_genesis_custom_post_class":"","_genesis_layout":"full-width-content","footnotes":""},"categories":[1],"tags":[],"class_list":{"0":"post-1110","1":"post","2":"type-post","3":"status-publish","4":"format-standard","5":"has-post-thumbnail","7":"category-aucune-cat","8":"entry"},"acf":[],"yoast_head":"<!-- This site is optimized with the Yoast SEO plugin v27.0 - https:\/\/yoast.com\/product\/yoast-seo-wordpress\/ -->\n<title>Vos employ\u00e9s connaissent-ils la v\u00e9ritable valeur de leur emploi? - VIGILIS - Zone conseils<\/title>\n<meta name=\"description\" content=\"Bien communiquer vos avantages sociaux\u202f: un levier puissant pour valoriser vos r\u00e9gimes collectifs et renforcer l\u2019engagement des employ\u00e9s.\" \/>\n<meta name=\"robots\" content=\"index, follow, max-snippet:-1, max-image-preview:large, max-video-preview:-1\" \/>\n<link rel=\"canonical\" href=\"https:\/\/www.vigilis.ca\/zone-conseils\/valeur-avantages-sociaux\/\" \/>\n<meta property=\"og:locale\" content=\"fr_FR\" \/>\n<meta property=\"og:type\" content=\"article\" \/>\n<meta property=\"og:title\" content=\"Vos employ\u00e9s connaissent-ils la v\u00e9ritable valeur de leur emploi? - VIGILIS - Zone conseils\" \/>\n<meta property=\"og:description\" content=\"Bien communiquer vos avantages sociaux\u202f: un levier puissant pour valoriser vos r\u00e9gimes collectifs et renforcer l\u2019engagement des employ\u00e9s.\" \/>\n<meta property=\"og:url\" content=\"https:\/\/www.vigilis.ca\/zone-conseils\/valeur-avantages-sociaux\/\" \/>\n<meta property=\"og:site_name\" content=\"VIGILIS - Zone conseils\" \/>\n<meta property=\"article:published_time\" content=\"2025-06-17T17:00:44+00:00\" \/>\n<meta property=\"og:image\" content=\"https:\/\/www.vigilis.ca\/zone-conseils\/wp-content\/uploads\/2025\/06\/banniere-collectif-avantages.png\" \/>\n\t<meta property=\"og:image:width\" content=\"1140\" \/>\n\t<meta property=\"og:image:height\" content=\"500\" \/>\n\t<meta property=\"og:image:type\" content=\"image\/png\" \/>\n<meta name=\"author\" content=\"Myriam\" \/>\n<meta name=\"twitter:card\" content=\"summary_large_image\" \/>\n<meta name=\"twitter:label1\" content=\"\u00c9crit par\" \/>\n\t<meta name=\"twitter:data1\" content=\"Myriam\" \/>\n\t<meta name=\"twitter:label2\" content=\"Dur\u00e9e de lecture estim\u00e9e\" \/>\n\t<meta name=\"twitter:data2\" content=\"4 minutes\" \/>\n<script type=\"application\/ld+json\" class=\"yoast-schema-graph\">{\"@context\":\"https:\/\/schema.org\",\"@graph\":[{\"@type\":\"Article\",\"@id\":\"https:\/\/www.vigilis.ca\/zone-conseils\/valeur-avantages-sociaux\/#article\",\"isPartOf\":{\"@id\":\"https:\/\/www.vigilis.ca\/zone-conseils\/valeur-avantages-sociaux\/\"},\"author\":{\"name\":\"Myriam\",\"@id\":\"https:\/\/www.vigilis.ca\/zone-conseils\/#\/schema\/person\/c47d6343d1e7b9119ebb1b3c50c022d6\"},\"headline\":\"Vos employ\u00e9s connaissent-ils la v\u00e9ritable valeur de leur emploi?\",\"datePublished\":\"2025-06-17T17:00:44+00:00\",\"mainEntityOfPage\":{\"@id\":\"https:\/\/www.vigilis.ca\/zone-conseils\/valeur-avantages-sociaux\/\"},\"wordCount\":737,\"commentCount\":0,\"image\":{\"@id\":\"https:\/\/www.vigilis.ca\/zone-conseils\/valeur-avantages-sociaux\/#primaryimage\"},\"thumbnailUrl\":\"https:\/\/www.vigilis.ca\/zone-conseils\/wp-content\/uploads\/2025\/06\/banniere-collectif-avantages.png\",\"articleSection\":[\"Aucune cat\u00e9gorie\"],\"inLanguage\":\"fr-FR\",\"potentialAction\":[{\"@type\":\"CommentAction\",\"name\":\"Comment\",\"target\":[\"https:\/\/www.vigilis.ca\/zone-conseils\/valeur-avantages-sociaux\/#respond\"]}]},{\"@type\":\"WebPage\",\"@id\":\"https:\/\/www.vigilis.ca\/zone-conseils\/valeur-avantages-sociaux\/\",\"url\":\"https:\/\/www.vigilis.ca\/zone-conseils\/valeur-avantages-sociaux\/\",\"name\":\"Vos employ\u00e9s connaissent-ils la v\u00e9ritable valeur de leur emploi? - VIGILIS - Zone conseils\",\"isPartOf\":{\"@id\":\"https:\/\/www.vigilis.ca\/zone-conseils\/#website\"},\"primaryImageOfPage\":{\"@id\":\"https:\/\/www.vigilis.ca\/zone-conseils\/valeur-avantages-sociaux\/#primaryimage\"},\"image\":{\"@id\":\"https:\/\/www.vigilis.ca\/zone-conseils\/valeur-avantages-sociaux\/#primaryimage\"},\"thumbnailUrl\":\"https:\/\/www.vigilis.ca\/zone-conseils\/wp-content\/uploads\/2025\/06\/banniere-collectif-avantages.png\",\"datePublished\":\"2025-06-17T17:00:44+00:00\",\"author\":{\"@id\":\"https:\/\/www.vigilis.ca\/zone-conseils\/#\/schema\/person\/c47d6343d1e7b9119ebb1b3c50c022d6\"},\"description\":\"Bien communiquer vos avantages sociaux\u202f: un levier puissant pour valoriser vos r\u00e9gimes collectifs et renforcer l\u2019engagement des employ\u00e9s.\",\"breadcrumb\":{\"@id\":\"https:\/\/www.vigilis.ca\/zone-conseils\/valeur-avantages-sociaux\/#breadcrumb\"},\"inLanguage\":\"fr-FR\",\"potentialAction\":[{\"@type\":\"ReadAction\",\"target\":[\"https:\/\/www.vigilis.ca\/zone-conseils\/valeur-avantages-sociaux\/\"]}]},{\"@type\":\"ImageObject\",\"inLanguage\":\"fr-FR\",\"@id\":\"https:\/\/www.vigilis.ca\/zone-conseils\/valeur-avantages-sociaux\/#primaryimage\",\"url\":\"https:\/\/www.vigilis.ca\/zone-conseils\/wp-content\/uploads\/2025\/06\/banniere-collectif-avantages.png\",\"contentUrl\":\"https:\/\/www.vigilis.ca\/zone-conseils\/wp-content\/uploads\/2025\/06\/banniere-collectif-avantages.png\",\"width\":1140,\"height\":500,\"caption\":\"Valeur avantages sociaux\"},{\"@type\":\"BreadcrumbList\",\"@id\":\"https:\/\/www.vigilis.ca\/zone-conseils\/valeur-avantages-sociaux\/#breadcrumb\",\"itemListElement\":[{\"@type\":\"ListItem\",\"position\":1,\"name\":\"Accueil\",\"item\":\"https:\/\/www.vigilis.ca\/zone-conseils\/\"},{\"@type\":\"ListItem\",\"position\":2,\"name\":\"Vos employ\u00e9s connaissent-ils la v\u00e9ritable valeur de leur emploi?\"}]},{\"@type\":\"WebSite\",\"@id\":\"https:\/\/www.vigilis.ca\/zone-conseils\/#website\",\"url\":\"https:\/\/www.vigilis.ca\/zone-conseils\/\",\"name\":\"VIGILIS - Zone conseils\",\"description\":\"\",\"potentialAction\":[{\"@type\":\"SearchAction\",\"target\":{\"@type\":\"EntryPoint\",\"urlTemplate\":\"https:\/\/www.vigilis.ca\/zone-conseils\/?s={search_term_string}\"},\"query-input\":{\"@type\":\"PropertyValueSpecification\",\"valueRequired\":true,\"valueName\":\"search_term_string\"}}],\"inLanguage\":\"fr-FR\"},{\"@type\":\"Person\",\"@id\":\"https:\/\/www.vigilis.ca\/zone-conseils\/#\/schema\/person\/c47d6343d1e7b9119ebb1b3c50c022d6\",\"name\":\"Myriam\",\"image\":{\"@type\":\"ImageObject\",\"inLanguage\":\"fr-FR\",\"@id\":\"https:\/\/www.vigilis.ca\/zone-conseils\/#\/schema\/person\/image\/\",\"url\":\"https:\/\/secure.gravatar.com\/avatar\/4f33c2fb39b67403c6768f47dd92598bb0259ccb56e50e00516048b55e2ae4a3?s=96&d=mm&r=g\",\"contentUrl\":\"https:\/\/secure.gravatar.com\/avatar\/4f33c2fb39b67403c6768f47dd92598bb0259ccb56e50e00516048b55e2ae4a3?s=96&d=mm&r=g\",\"caption\":\"Myriam\"}}]}<\/script>\n<!-- \/ Yoast SEO plugin. -->","yoast_head_json":{"title":"Vos employ\u00e9s connaissent-ils la v\u00e9ritable valeur de leur emploi? - VIGILIS - Zone conseils","description":"Bien communiquer vos avantages sociaux\u202f: un levier puissant pour valoriser vos r\u00e9gimes collectifs et renforcer l\u2019engagement des employ\u00e9s.","robots":{"index":"index","follow":"follow","max-snippet":"max-snippet:-1","max-image-preview":"max-image-preview:large","max-video-preview":"max-video-preview:-1"},"canonical":"https:\/\/www.vigilis.ca\/zone-conseils\/valeur-avantages-sociaux\/","og_locale":"fr_FR","og_type":"article","og_title":"Vos employ\u00e9s connaissent-ils la v\u00e9ritable valeur de leur emploi? - VIGILIS - Zone conseils","og_description":"Bien communiquer vos avantages sociaux\u202f: un levier puissant pour valoriser vos r\u00e9gimes collectifs et renforcer l\u2019engagement des employ\u00e9s.","og_url":"https:\/\/www.vigilis.ca\/zone-conseils\/valeur-avantages-sociaux\/","og_site_name":"VIGILIS - Zone conseils","article_published_time":"2025-06-17T17:00:44+00:00","og_image":[{"width":1140,"height":500,"url":"https:\/\/www.vigilis.ca\/zone-conseils\/wp-content\/uploads\/2025\/06\/banniere-collectif-avantages.png","type":"image\/png"}],"author":"Myriam","twitter_card":"summary_large_image","twitter_misc":{"\u00c9crit par":"Myriam","Dur\u00e9e de lecture estim\u00e9e":"4 minutes"},"schema":{"@context":"https:\/\/schema.org","@graph":[{"@type":"Article","@id":"https:\/\/www.vigilis.ca\/zone-conseils\/valeur-avantages-sociaux\/#article","isPartOf":{"@id":"https:\/\/www.vigilis.ca\/zone-conseils\/valeur-avantages-sociaux\/"},"author":{"name":"Myriam","@id":"https:\/\/www.vigilis.ca\/zone-conseils\/#\/schema\/person\/c47d6343d1e7b9119ebb1b3c50c022d6"},"headline":"Vos employ\u00e9s connaissent-ils la v\u00e9ritable valeur de leur emploi?","datePublished":"2025-06-17T17:00:44+00:00","mainEntityOfPage":{"@id":"https:\/\/www.vigilis.ca\/zone-conseils\/valeur-avantages-sociaux\/"},"wordCount":737,"commentCount":0,"image":{"@id":"https:\/\/www.vigilis.ca\/zone-conseils\/valeur-avantages-sociaux\/#primaryimage"},"thumbnailUrl":"https:\/\/www.vigilis.ca\/zone-conseils\/wp-content\/uploads\/2025\/06\/banniere-collectif-avantages.png","articleSection":["Aucune cat\u00e9gorie"],"inLanguage":"fr-FR","potentialAction":[{"@type":"CommentAction","name":"Comment","target":["https:\/\/www.vigilis.ca\/zone-conseils\/valeur-avantages-sociaux\/#respond"]}]},{"@type":"WebPage","@id":"https:\/\/www.vigilis.ca\/zone-conseils\/valeur-avantages-sociaux\/","url":"https:\/\/www.vigilis.ca\/zone-conseils\/valeur-avantages-sociaux\/","name":"Vos employ\u00e9s connaissent-ils la v\u00e9ritable valeur de leur emploi? - VIGILIS - Zone conseils","isPartOf":{"@id":"https:\/\/www.vigilis.ca\/zone-conseils\/#website"},"primaryImageOfPage":{"@id":"https:\/\/www.vigilis.ca\/zone-conseils\/valeur-avantages-sociaux\/#primaryimage"},"image":{"@id":"https:\/\/www.vigilis.ca\/zone-conseils\/valeur-avantages-sociaux\/#primaryimage"},"thumbnailUrl":"https:\/\/www.vigilis.ca\/zone-conseils\/wp-content\/uploads\/2025\/06\/banniere-collectif-avantages.png","datePublished":"2025-06-17T17:00:44+00:00","author":{"@id":"https:\/\/www.vigilis.ca\/zone-conseils\/#\/schema\/person\/c47d6343d1e7b9119ebb1b3c50c022d6"},"description":"Bien communiquer vos avantages sociaux\u202f: un levier puissant pour valoriser vos r\u00e9gimes collectifs et renforcer l\u2019engagement des employ\u00e9s.","breadcrumb":{"@id":"https:\/\/www.vigilis.ca\/zone-conseils\/valeur-avantages-sociaux\/#breadcrumb"},"inLanguage":"fr-FR","potentialAction":[{"@type":"ReadAction","target":["https:\/\/www.vigilis.ca\/zone-conseils\/valeur-avantages-sociaux\/"]}]},{"@type":"ImageObject","inLanguage":"fr-FR","@id":"https:\/\/www.vigilis.ca\/zone-conseils\/valeur-avantages-sociaux\/#primaryimage","url":"https:\/\/www.vigilis.ca\/zone-conseils\/wp-content\/uploads\/2025\/06\/banniere-collectif-avantages.png","contentUrl":"https:\/\/www.vigilis.ca\/zone-conseils\/wp-content\/uploads\/2025\/06\/banniere-collectif-avantages.png","width":1140,"height":500,"caption":"Valeur avantages sociaux"},{"@type":"BreadcrumbList","@id":"https:\/\/www.vigilis.ca\/zone-conseils\/valeur-avantages-sociaux\/#breadcrumb","itemListElement":[{"@type":"ListItem","position":1,"name":"Accueil","item":"https:\/\/www.vigilis.ca\/zone-conseils\/"},{"@type":"ListItem","position":2,"name":"Vos employ\u00e9s connaissent-ils la v\u00e9ritable valeur de leur emploi?"}]},{"@type":"WebSite","@id":"https:\/\/www.vigilis.ca\/zone-conseils\/#website","url":"https:\/\/www.vigilis.ca\/zone-conseils\/","name":"VIGILIS - Zone conseils","description":"","potentialAction":[{"@type":"SearchAction","target":{"@type":"EntryPoint","urlTemplate":"https:\/\/www.vigilis.ca\/zone-conseils\/?s={search_term_string}"},"query-input":{"@type":"PropertyValueSpecification","valueRequired":true,"valueName":"search_term_string"}}],"inLanguage":"fr-FR"},{"@type":"Person","@id":"https:\/\/www.vigilis.ca\/zone-conseils\/#\/schema\/person\/c47d6343d1e7b9119ebb1b3c50c022d6","name":"Myriam","image":{"@type":"ImageObject","inLanguage":"fr-FR","@id":"https:\/\/www.vigilis.ca\/zone-conseils\/#\/schema\/person\/image\/","url":"https:\/\/secure.gravatar.com\/avatar\/4f33c2fb39b67403c6768f47dd92598bb0259ccb56e50e00516048b55e2ae4a3?s=96&d=mm&r=g","contentUrl":"https:\/\/secure.gravatar.com\/avatar\/4f33c2fb39b67403c6768f47dd92598bb0259ccb56e50e00516048b55e2ae4a3?s=96&d=mm&r=g","caption":"Myriam"}}]}},"rttpg_featured_image_url":{"full":["https:\/\/www.vigilis.ca\/zone-conseils\/wp-content\/uploads\/2025\/06\/banniere-collectif-avantages.png",1140,500,false],"landscape":["https:\/\/www.vigilis.ca\/zone-conseils\/wp-content\/uploads\/2025\/06\/banniere-collectif-avantages.png",1140,500,false],"portraits":["https:\/\/www.vigilis.ca\/zone-conseils\/wp-content\/uploads\/2025\/06\/banniere-collectif-avantages.png",1140,500,false],"thumbnail":["https:\/\/www.vigilis.ca\/zone-conseils\/wp-content\/uploads\/2025\/06\/banniere-collectif-avantages-150x150.png",150,150,true],"medium":["https:\/\/www.vigilis.ca\/zone-conseils\/wp-content\/uploads\/2025\/06\/banniere-collectif-avantages-300x132.png",300,132,true],"large":["https:\/\/www.vigilis.ca\/zone-conseils\/wp-content\/uploads\/2025\/06\/banniere-collectif-avantages.png",1140,500,false],"1536x1536":["https:\/\/www.vigilis.ca\/zone-conseils\/wp-content\/uploads\/2025\/06\/banniere-collectif-avantages.png",1140,500,false],"2048x2048":["https:\/\/www.vigilis.ca\/zone-conseils\/wp-content\/uploads\/2025\/06\/banniere-collectif-avantages.png",1140,500,false],"featured-image":["https:\/\/www.vigilis.ca\/zone-conseils\/wp-content\/uploads\/2025\/06\/banniere-collectif-avantages-358x200.png",358,200,true],"home-top":["https:\/\/www.vigilis.ca\/zone-conseils\/wp-content\/uploads\/2025\/06\/banniere-collectif-avantages-750x500.png",750,500,true],"crp_thumbnail":["https:\/\/www.vigilis.ca\/zone-conseils\/wp-content\/uploads\/2025\/06\/banniere-collectif-avantages-320x140.png",320,140,true]},"rttpg_author":{"display_name":"Myriam","author_link":"https:\/\/www.vigilis.ca\/zone-conseils\/author\/myriam-2\/"},"rttpg_comment":1,"rttpg_category":"<a href=\"https:\/\/www.vigilis.ca\/zone-conseils\/articles\/aucune-cat\/\" rel=\"category tag\">Aucune cat\u00e9gorie<\/a>","rttpg_excerpt":"Les avantages sociaux occupent aujourd\u2019hui une place strat\u00e9gique dans la proposition de valeur employeur. Assurance et \u00e9pargne collective, soutien en sant\u00e9 mentale, t\u00e9l\u00e9consultation, cong\u00e9s bonifi\u00e9s\u2026 Ces \u00e9l\u00e9ments vont bien au-del\u00e0 d\u2019un simple compl\u00e9ment salarial\u202f: ils traduisent la culture, les valeurs et la vision \u00e0 long terme d\u2019un employeur. Pourtant, malgr\u00e9 leur importance, de nombreux employ\u00e9s\u2026","_links":{"self":[{"href":"https:\/\/www.vigilis.ca\/zone-conseils\/wp-json\/wp\/v2\/posts\/1110","targetHints":{"allow":["GET"]}}],"collection":[{"href":"https:\/\/www.vigilis.ca\/zone-conseils\/wp-json\/wp\/v2\/posts"}],"about":[{"href":"https:\/\/www.vigilis.ca\/zone-conseils\/wp-json\/wp\/v2\/types\/post"}],"author":[{"embeddable":true,"href":"https:\/\/www.vigilis.ca\/zone-conseils\/wp-json\/wp\/v2\/users\/2"}],"replies":[{"embeddable":true,"href":"https:\/\/www.vigilis.ca\/zone-conseils\/wp-json\/wp\/v2\/comments?post=1110"}],"version-history":[{"count":5,"href":"https:\/\/www.vigilis.ca\/zone-conseils\/wp-json\/wp\/v2\/posts\/1110\/revisions"}],"predecessor-version":[{"id":1119,"href":"https:\/\/www.vigilis.ca\/zone-conseils\/wp-json\/wp\/v2\/posts\/1110\/revisions\/1119"}],"wp:featuredmedia":[{"embeddable":true,"href":"https:\/\/www.vigilis.ca\/zone-conseils\/wp-json\/wp\/v2\/media\/1111"}],"wp:attachment":[{"href":"https:\/\/www.vigilis.ca\/zone-conseils\/wp-json\/wp\/v2\/media?parent=1110"}],"wp:term":[{"taxonomy":"category","embeddable":true,"href":"https:\/\/www.vigilis.ca\/zone-conseils\/wp-json\/wp\/v2\/categories?post=1110"},{"taxonomy":"post_tag","embeddable":true,"href":"https:\/\/www.vigilis.ca\/zone-conseils\/wp-json\/wp\/v2\/tags?post=1110"}],"curies":[{"name":"wp","href":"https:\/\/api.w.org\/{rel}","templated":true}]}}