{"id":1064,"date":"2025-01-29T09:01:30","date_gmt":"2025-01-29T14:01:30","guid":{"rendered":"https:\/\/www.vigilis.ca\/zone-conseils\/?p=1064"},"modified":"2025-01-29T09:27:27","modified_gmt":"2025-01-29T14:27:27","slug":"tendances-2025-assurance-collective","status":"publish","type":"post","link":"https:\/\/www.vigilis.ca\/zone-conseils\/tendances-2025-assurance-collective\/","title":{"rendered":"Les tendances 2025 en assurance collective : technologies, flexibilit\u00e9 et sant\u00e9 mentale"},"content":{"rendered":"<p><strong>L\u2019assurance collective conna\u00eet une \u00e9volution rapide, port\u00e9e par les nouvelles attentes des employ\u00e9s et les d\u00e9fis \u00e9conomiques des entreprises.<\/strong><\/p>\n<p><strong>Les employeurs doivent maintenant composer avec un march\u00e9 du travail en pleine mutation, marqu\u00e9 par la g\u00e9n\u00e9ralisation du t\u00e9l\u00e9travail, l\u2019importance grandissante de la sant\u00e9 mentale et l\u2019essor des solutions num\u00e9riques. Ces tendances transforment les r\u00e9gimes d\u2019assurance collective, les rendant plus flexibles, plus personnalis\u00e9s et mieux adapt\u00e9s aux r\u00e9alit\u00e9s modernes.<\/strong><\/p>\n<p><strong>D\u00e9couvrez les grandes \u00e9volutions \u00e0 surveiller pour proposer une couverture avantageuse et comp\u00e9titive.<\/strong><\/p>\n<h3><strong>L\u2019int\u00e9gration des technologies num\u00e9riques dans les r\u00e9gimes collectifs<\/strong><\/h3>\n<p>La transformation num\u00e9rique est au c\u0153ur des programmes d\u2019assurance collective. Les employeurs adoptent des solutions technologiques qui simplifient la gestion des r\u00e9gimes tout en offrant une meilleure exp\u00e9rience utilisateur aux employ\u00e9s.<\/p>\n<ul>\n<li><strong>T\u00e9l\u00e9m\u00e9decine et consultations virtuelles<\/strong> : D\u00e9j\u00e0 populaires, ces services sont devenus indispensables. Les employ\u00e9s s\u2019attendent \u00e0 un acc\u00e8s rapide \u00e0 des consultations m\u00e9dicales en ligne, particuli\u00e8rement avec l\u2019essor du t\u00e9l\u00e9travail.<\/li>\n<li><strong>Applications mobiles de gestion d\u2019assurance<\/strong> : Plus intuitifs, ces outils permettent aux employ\u00e9s de soumettre leurs r\u00e9clamations, suivre leurs remboursements et acc\u00e9der \u00e0 leur couverture en quelques clics.<\/li>\n<li><strong>Intelligence artificielle (IA) et pr\u00e9vention<\/strong> : De nombreux fournisseurs de services utilisent maintenant l\u2019IA pour offrir des recommandations personnalis\u00e9es, am\u00e9liorer la sant\u00e9 des employ\u00e9s et optimiser l\u2019utilisation de leurs r\u00e9gimes collectifs.<\/li>\n<\/ul>\n<h3><strong>\u00a0<\/strong><strong>Une flexibilit\u00e9 accrue pour r\u00e9pondre \u00e0 des besoins vari\u00e9s<\/strong><\/h3>\n<p>Avec une main-d\u2019\u0153uvre de plus en plus diversifi\u00e9e, l\u2019adaptabilit\u00e9 des r\u00e9gimes devient un facteur cl\u00e9 d\u2019attractivit\u00e9 pour les employeurs.<\/p>\n<ul>\n<li><strong>Comptes de gestion sant\u00e9 (CGS) <\/strong>: Gr\u00e2ce \u00e0 l\u2019allocation flexible utilisable pour divers soins et services en compl\u00e9ment au r\u00e9gime collectif, cet outil procure les choix anciennement limit\u00e9s aux r\u00e9gimes caf\u00e9t\u00e9ria.<\/li>\n<li><strong>Comptes de Mieux-\u00catre\u00a0: <\/strong>le compte propos\u00e9 par notre partenaire offre une flexibilit\u00e9 sans pareil, avec des cat\u00e9gories multiples permettant de cibler les objectifs de l\u2019employeur.<\/li>\n<li><strong>Options adapt\u00e9es au t\u00e9l\u00e9travail<\/strong> : Int\u00e9gration de remboursement pour le mobilier ergonomique et les soins pr\u00e9ventifs li\u00e9s au travail \u00e0 distance.<\/li>\n<\/ul>\n<h3><strong>La priorit\u00e9 \u00e0 la sant\u00e9 mentale<\/strong><\/h3>\n<p>La sant\u00e9 psychologique prend d\u00e9sormais une place centrale dans l\u2019assurance collective, avec des mesures renforc\u00e9es pour mieux soutenir les employ\u00e9s.<\/p>\n<ul>\n<li><strong>Couverture \u00e9tendue pour la th\u00e9rapie et le soutien psychologique<\/strong> : Augmentation des remboursements pour les consultations avec des professionnels.<\/li>\n<li><strong>Programmes d\u2019aide aux employ\u00e9s (PAE) renforc\u00e9s<\/strong> : Assistance 24\/7, ateliers sur la gestion du stress et soutien en cas de crise.<\/li>\n<li><strong>Initiatives de pr\u00e9vention et bien-\u00eatre mental<\/strong> : Formations sur la r\u00e9silience, journ\u00e9es bien-\u00eatre et activit\u00e9s de coh\u00e9sion d\u2019\u00e9quipe.<\/li>\n<\/ul>\n<h3><strong>\u00a0<\/strong><strong>Une gestion proactive des co\u00fbts<\/strong><\/h3>\n<p>Face \u00e0 la hausse des primes d\u2019assurance, les employeurs cherchent \u00e0 ma\u00eetriser les d\u00e9penses tout en maintenant des r\u00e9gimes attractifs.<\/p>\n<ul>\n<li><strong>Analyse des donn\u00e9es<\/strong> : Identification des tendances pour ajuster les r\u00e9gimes et optimiser les mesures de pr\u00e9vention.<\/li>\n<li><strong>Coassurance et solutions hybrides<\/strong> : Partage des frais avec les employ\u00e9s tout en leur offrant des options adapt\u00e9es.<\/li>\n<li><strong>Promotion de la pr\u00e9vention<\/strong> : Campagnes pour encourager les consultations pr\u00e9ventives et la participation \u00e0 des activit\u00e9s de sant\u00e9.<\/li>\n<\/ul>\n<h3><strong>S\u2019adapter pour rester comp\u00e9titif<\/strong><\/h3>\n<p>Les employeurs qu\u00e9b\u00e9cois qui souhaitent se d\u00e9marquer doivent adopter une approche proactive et moderne de l\u2019assurance collective. L\u2019adoption des nouvelles technologies, la flexibilit\u00e9 et la prise en charge de la sant\u00e9 mentale sont devenues des fondamentaux pour attirer et fid\u00e9liser une main-d\u2019\u0153uvre diversifi\u00e9e.<\/p>\n<p><strong>En restant \u00e0 l\u2019\u00e9coute des besoins de votre \u00e9quipe et en adoptant des solutions innovantes, vous pouvez offrir un programme d\u2019assurance collective qui r\u00e9pond aux r\u00e9alit\u00e9s d\u2019aujourd\u2019hui tout en pr\u00e9parant l\u2019avenir.<\/strong><\/p>\n<h2>Besoin d\u2019un accompagnement pour int\u00e9grer ces tendances dans votre offre ? <a href=\"https:\/\/www.vigilis.ca\/nous-joindre\">Contactez-nous pour concevoir une solution qui refl\u00e8te vos valeurs et celles de vos employ\u00e9<\/a>s.<\/h2>\n<p>&nbsp;<\/p>\n<!-- AddThis Advanced Settings generic via filter on the_content --><!-- AddThis Share Buttons generic via filter on the_content -->","protected":false},"excerpt":{"rendered":"<p>L\u2019assurance collective conna\u00eet une \u00e9volution rapide, port\u00e9e par les nouvelles attentes des employ\u00e9s et les d\u00e9fis \u00e9conomiques des entreprises. Les employeurs doivent maintenant composer avec un march\u00e9 du travail en pleine mutation, marqu\u00e9 par la g\u00e9n\u00e9ralisation du t\u00e9l\u00e9travail, l\u2019importance grandissante de la sant\u00e9 mentale et l\u2019essor des solutions num\u00e9riques. Ces tendances transforment les r\u00e9gimes d\u2019assurance [&hellip;]<!-- AddThis Advanced Settings generic via filter on get_the_excerpt --><!-- AddThis Share Buttons generic via filter on get_the_excerpt --><\/p>\n","protected":false},"author":2,"featured_media":1068,"comment_status":"open","ping_status":"closed","sticky":false,"template":"","format":"standard","meta":{"_acf_changed":false,"_genesis_hide_title":false,"_genesis_hide_breadcrumbs":false,"_genesis_hide_singular_image":false,"_genesis_hide_footer_widgets":false,"_genesis_custom_body_class":"","_genesis_custom_post_class":"","_genesis_layout":"full-width-content","footnotes":""},"categories":[5],"tags":[],"class_list":{"0":"post-1064","1":"post","2":"type-post","3":"status-publish","4":"format-standard","5":"has-post-thumbnail","7":"category-cat-entreprises","8":"entry"},"acf":[],"yoast_head":"<!-- This site is optimized with the Yoast SEO plugin v27.0 - https:\/\/yoast.com\/product\/yoast-seo-wordpress\/ -->\n<title>Les tendances 2025 en assurance collective : technologies, flexibilit\u00e9 et sant\u00e9 mentale - VIGILIS - Zone conseils<\/title>\n<meta name=\"description\" content=\"L\u2019assurance collective conna\u00eet une \u00e9volution rapide, port\u00e9e par les nouvelles attentes des employ\u00e9s et les d\u00e9fis \u00e9conomiques des entreprises.Les employeurs doivent maintenant composer avec un march\u00e9 du travail en pleine mutation, marqu\u00e9 par la g\u00e9n\u00e9ralisation du t\u00e9l\u00e9travail, l\u2019importance grandissante de la sant\u00e9 mentale et l\u2019essor des solutions num\u00e9riques. Ces tendances transforment les r\u00e9gimes d\u2019assurance collective, les rendant plus flexibles, plus personnalis\u00e9s et mieux adapt\u00e9s aux r\u00e9alit\u00e9s modernes.\" \/>\n<meta name=\"robots\" content=\"index, follow, max-snippet:-1, max-image-preview:large, max-video-preview:-1\" \/>\n<link rel=\"canonical\" href=\"https:\/\/www.vigilis.ca\/zone-conseils\/tendances-2025-assurance-collective\/\" \/>\n<meta property=\"og:locale\" content=\"fr_FR\" \/>\n<meta property=\"og:type\" content=\"article\" \/>\n<meta property=\"og:title\" content=\"Les tendances 2025 en assurance collective : technologies, flexibilit\u00e9 et sant\u00e9 mentale - VIGILIS - Zone conseils\" \/>\n<meta property=\"og:description\" content=\"L\u2019assurance collective conna\u00eet une \u00e9volution rapide, port\u00e9e par les nouvelles attentes des employ\u00e9s et les d\u00e9fis \u00e9conomiques des entreprises.Les employeurs doivent maintenant composer avec un march\u00e9 du travail en pleine mutation, marqu\u00e9 par la g\u00e9n\u00e9ralisation du t\u00e9l\u00e9travail, l\u2019importance grandissante de la sant\u00e9 mentale et l\u2019essor des solutions num\u00e9riques. Ces tendances transforment les r\u00e9gimes d\u2019assurance collective, les rendant plus flexibles, plus personnalis\u00e9s et mieux adapt\u00e9s aux r\u00e9alit\u00e9s modernes.\" \/>\n<meta property=\"og:url\" content=\"https:\/\/www.vigilis.ca\/zone-conseils\/tendances-2025-assurance-collective\/\" \/>\n<meta property=\"og:site_name\" content=\"VIGILIS - Zone conseils\" \/>\n<meta property=\"article:published_time\" content=\"2025-01-29T14:01:30+00:00\" \/>\n<meta property=\"article:modified_time\" content=\"2025-01-29T14:27:27+00:00\" \/>\n<meta property=\"og:image\" content=\"https:\/\/www.vigilis.ca\/zone-conseils\/wp-content\/uploads\/2025\/01\/tendances-2025-assurance-collective-1140x500-1.png\" \/>\n\t<meta property=\"og:image:width\" content=\"1140\" \/>\n\t<meta property=\"og:image:height\" content=\"500\" \/>\n\t<meta property=\"og:image:type\" content=\"image\/png\" \/>\n<meta name=\"author\" content=\"Myriam\" \/>\n<meta name=\"twitter:card\" content=\"summary_large_image\" \/>\n<meta name=\"twitter:label1\" content=\"\u00c9crit par\" \/>\n\t<meta name=\"twitter:data1\" content=\"Myriam\" \/>\n\t<meta name=\"twitter:label2\" content=\"Dur\u00e9e de lecture estim\u00e9e\" \/>\n\t<meta name=\"twitter:data2\" content=\"4 minutes\" \/>\n<script type=\"application\/ld+json\" class=\"yoast-schema-graph\">{\"@context\":\"https:\/\/schema.org\",\"@graph\":[{\"@type\":\"Article\",\"@id\":\"https:\/\/www.vigilis.ca\/zone-conseils\/tendances-2025-assurance-collective\/#article\",\"isPartOf\":{\"@id\":\"https:\/\/www.vigilis.ca\/zone-conseils\/tendances-2025-assurance-collective\/\"},\"author\":{\"name\":\"Myriam\",\"@id\":\"https:\/\/www.vigilis.ca\/zone-conseils\/#\/schema\/person\/c47d6343d1e7b9119ebb1b3c50c022d6\"},\"headline\":\"Les tendances 2025 en assurance collective : technologies, flexibilit\u00e9 et sant\u00e9 mentale\",\"datePublished\":\"2025-01-29T14:01:30+00:00\",\"dateModified\":\"2025-01-29T14:27:27+00:00\",\"mainEntityOfPage\":{\"@id\":\"https:\/\/www.vigilis.ca\/zone-conseils\/tendances-2025-assurance-collective\/\"},\"wordCount\":695,\"commentCount\":0,\"image\":{\"@id\":\"https:\/\/www.vigilis.ca\/zone-conseils\/tendances-2025-assurance-collective\/#primaryimage\"},\"thumbnailUrl\":\"https:\/\/www.vigilis.ca\/zone-conseils\/wp-content\/uploads\/2025\/01\/tendances-2025-assurance-collective-1140x500-1.png\",\"articleSection\":[\"Entreprises\"],\"inLanguage\":\"fr-FR\",\"potentialAction\":[{\"@type\":\"CommentAction\",\"name\":\"Comment\",\"target\":[\"https:\/\/www.vigilis.ca\/zone-conseils\/tendances-2025-assurance-collective\/#respond\"]}]},{\"@type\":\"WebPage\",\"@id\":\"https:\/\/www.vigilis.ca\/zone-conseils\/tendances-2025-assurance-collective\/\",\"url\":\"https:\/\/www.vigilis.ca\/zone-conseils\/tendances-2025-assurance-collective\/\",\"name\":\"Les tendances 2025 en assurance collective : technologies, flexibilit\u00e9 et sant\u00e9 mentale - VIGILIS - Zone conseils\",\"isPartOf\":{\"@id\":\"https:\/\/www.vigilis.ca\/zone-conseils\/#website\"},\"primaryImageOfPage\":{\"@id\":\"https:\/\/www.vigilis.ca\/zone-conseils\/tendances-2025-assurance-collective\/#primaryimage\"},\"image\":{\"@id\":\"https:\/\/www.vigilis.ca\/zone-conseils\/tendances-2025-assurance-collective\/#primaryimage\"},\"thumbnailUrl\":\"https:\/\/www.vigilis.ca\/zone-conseils\/wp-content\/uploads\/2025\/01\/tendances-2025-assurance-collective-1140x500-1.png\",\"datePublished\":\"2025-01-29T14:01:30+00:00\",\"dateModified\":\"2025-01-29T14:27:27+00:00\",\"author\":{\"@id\":\"https:\/\/www.vigilis.ca\/zone-conseils\/#\/schema\/person\/c47d6343d1e7b9119ebb1b3c50c022d6\"},\"description\":\"L\u2019assurance collective conna\u00eet une \u00e9volution rapide, port\u00e9e par les nouvelles attentes des employ\u00e9s et les d\u00e9fis \u00e9conomiques des entreprises.Les employeurs doivent maintenant composer avec un march\u00e9 du travail en pleine mutation, marqu\u00e9 par la g\u00e9n\u00e9ralisation du t\u00e9l\u00e9travail, l\u2019importance grandissante de la sant\u00e9 mentale et l\u2019essor des solutions num\u00e9riques. Ces tendances transforment les r\u00e9gimes d\u2019assurance collective, les rendant plus flexibles, plus personnalis\u00e9s et mieux adapt\u00e9s aux r\u00e9alit\u00e9s modernes.\",\"breadcrumb\":{\"@id\":\"https:\/\/www.vigilis.ca\/zone-conseils\/tendances-2025-assurance-collective\/#breadcrumb\"},\"inLanguage\":\"fr-FR\",\"potentialAction\":[{\"@type\":\"ReadAction\",\"target\":[\"https:\/\/www.vigilis.ca\/zone-conseils\/tendances-2025-assurance-collective\/\"]}]},{\"@type\":\"ImageObject\",\"inLanguage\":\"fr-FR\",\"@id\":\"https:\/\/www.vigilis.ca\/zone-conseils\/tendances-2025-assurance-collective\/#primaryimage\",\"url\":\"https:\/\/www.vigilis.ca\/zone-conseils\/wp-content\/uploads\/2025\/01\/tendances-2025-assurance-collective-1140x500-1.png\",\"contentUrl\":\"https:\/\/www.vigilis.ca\/zone-conseils\/wp-content\/uploads\/2025\/01\/tendances-2025-assurance-collective-1140x500-1.png\",\"width\":1140,\"height\":500,\"caption\":\"tendances-2025-assurance-collective\"},{\"@type\":\"BreadcrumbList\",\"@id\":\"https:\/\/www.vigilis.ca\/zone-conseils\/tendances-2025-assurance-collective\/#breadcrumb\",\"itemListElement\":[{\"@type\":\"ListItem\",\"position\":1,\"name\":\"Accueil\",\"item\":\"https:\/\/www.vigilis.ca\/zone-conseils\/\"},{\"@type\":\"ListItem\",\"position\":2,\"name\":\"Les tendances 2025 en assurance collective : technologies, flexibilit\u00e9 et sant\u00e9 mentale\"}]},{\"@type\":\"WebSite\",\"@id\":\"https:\/\/www.vigilis.ca\/zone-conseils\/#website\",\"url\":\"https:\/\/www.vigilis.ca\/zone-conseils\/\",\"name\":\"VIGILIS - Zone conseils\",\"description\":\"\",\"potentialAction\":[{\"@type\":\"SearchAction\",\"target\":{\"@type\":\"EntryPoint\",\"urlTemplate\":\"https:\/\/www.vigilis.ca\/zone-conseils\/?s={search_term_string}\"},\"query-input\":{\"@type\":\"PropertyValueSpecification\",\"valueRequired\":true,\"valueName\":\"search_term_string\"}}],\"inLanguage\":\"fr-FR\"},{\"@type\":\"Person\",\"@id\":\"https:\/\/www.vigilis.ca\/zone-conseils\/#\/schema\/person\/c47d6343d1e7b9119ebb1b3c50c022d6\",\"name\":\"Myriam\",\"image\":{\"@type\":\"ImageObject\",\"inLanguage\":\"fr-FR\",\"@id\":\"https:\/\/www.vigilis.ca\/zone-conseils\/#\/schema\/person\/image\/\",\"url\":\"https:\/\/secure.gravatar.com\/avatar\/4f33c2fb39b67403c6768f47dd92598bb0259ccb56e50e00516048b55e2ae4a3?s=96&d=mm&r=g\",\"contentUrl\":\"https:\/\/secure.gravatar.com\/avatar\/4f33c2fb39b67403c6768f47dd92598bb0259ccb56e50e00516048b55e2ae4a3?s=96&d=mm&r=g\",\"caption\":\"Myriam\"}}]}<\/script>\n<!-- \/ Yoast SEO plugin. -->","yoast_head_json":{"title":"Les tendances 2025 en assurance collective : technologies, flexibilit\u00e9 et sant\u00e9 mentale - VIGILIS - Zone conseils","description":"L\u2019assurance collective conna\u00eet une \u00e9volution rapide, port\u00e9e par les nouvelles attentes des employ\u00e9s et les d\u00e9fis \u00e9conomiques des entreprises.Les employeurs doivent maintenant composer avec un march\u00e9 du travail en pleine mutation, marqu\u00e9 par la g\u00e9n\u00e9ralisation du t\u00e9l\u00e9travail, l\u2019importance grandissante de la sant\u00e9 mentale et l\u2019essor des solutions num\u00e9riques. Ces tendances transforment les r\u00e9gimes d\u2019assurance collective, les rendant plus flexibles, plus personnalis\u00e9s et mieux adapt\u00e9s aux r\u00e9alit\u00e9s modernes.","robots":{"index":"index","follow":"follow","max-snippet":"max-snippet:-1","max-image-preview":"max-image-preview:large","max-video-preview":"max-video-preview:-1"},"canonical":"https:\/\/www.vigilis.ca\/zone-conseils\/tendances-2025-assurance-collective\/","og_locale":"fr_FR","og_type":"article","og_title":"Les tendances 2025 en assurance collective : technologies, flexibilit\u00e9 et sant\u00e9 mentale - VIGILIS - Zone conseils","og_description":"L\u2019assurance collective conna\u00eet une \u00e9volution rapide, port\u00e9e par les nouvelles attentes des employ\u00e9s et les d\u00e9fis \u00e9conomiques des entreprises.Les employeurs doivent maintenant composer avec un march\u00e9 du travail en pleine mutation, marqu\u00e9 par la g\u00e9n\u00e9ralisation du t\u00e9l\u00e9travail, l\u2019importance grandissante de la sant\u00e9 mentale et l\u2019essor des solutions num\u00e9riques. Ces tendances transforment les r\u00e9gimes d\u2019assurance collective, les rendant plus flexibles, plus personnalis\u00e9s et mieux adapt\u00e9s aux r\u00e9alit\u00e9s modernes.","og_url":"https:\/\/www.vigilis.ca\/zone-conseils\/tendances-2025-assurance-collective\/","og_site_name":"VIGILIS - Zone conseils","article_published_time":"2025-01-29T14:01:30+00:00","article_modified_time":"2025-01-29T14:27:27+00:00","og_image":[{"width":1140,"height":500,"url":"https:\/\/www.vigilis.ca\/zone-conseils\/wp-content\/uploads\/2025\/01\/tendances-2025-assurance-collective-1140x500-1.png","type":"image\/png"}],"author":"Myriam","twitter_card":"summary_large_image","twitter_misc":{"\u00c9crit par":"Myriam","Dur\u00e9e de lecture estim\u00e9e":"4 minutes"},"schema":{"@context":"https:\/\/schema.org","@graph":[{"@type":"Article","@id":"https:\/\/www.vigilis.ca\/zone-conseils\/tendances-2025-assurance-collective\/#article","isPartOf":{"@id":"https:\/\/www.vigilis.ca\/zone-conseils\/tendances-2025-assurance-collective\/"},"author":{"name":"Myriam","@id":"https:\/\/www.vigilis.ca\/zone-conseils\/#\/schema\/person\/c47d6343d1e7b9119ebb1b3c50c022d6"},"headline":"Les tendances 2025 en assurance collective : technologies, flexibilit\u00e9 et sant\u00e9 mentale","datePublished":"2025-01-29T14:01:30+00:00","dateModified":"2025-01-29T14:27:27+00:00","mainEntityOfPage":{"@id":"https:\/\/www.vigilis.ca\/zone-conseils\/tendances-2025-assurance-collective\/"},"wordCount":695,"commentCount":0,"image":{"@id":"https:\/\/www.vigilis.ca\/zone-conseils\/tendances-2025-assurance-collective\/#primaryimage"},"thumbnailUrl":"https:\/\/www.vigilis.ca\/zone-conseils\/wp-content\/uploads\/2025\/01\/tendances-2025-assurance-collective-1140x500-1.png","articleSection":["Entreprises"],"inLanguage":"fr-FR","potentialAction":[{"@type":"CommentAction","name":"Comment","target":["https:\/\/www.vigilis.ca\/zone-conseils\/tendances-2025-assurance-collective\/#respond"]}]},{"@type":"WebPage","@id":"https:\/\/www.vigilis.ca\/zone-conseils\/tendances-2025-assurance-collective\/","url":"https:\/\/www.vigilis.ca\/zone-conseils\/tendances-2025-assurance-collective\/","name":"Les tendances 2025 en assurance collective : technologies, flexibilit\u00e9 et sant\u00e9 mentale - VIGILIS - Zone conseils","isPartOf":{"@id":"https:\/\/www.vigilis.ca\/zone-conseils\/#website"},"primaryImageOfPage":{"@id":"https:\/\/www.vigilis.ca\/zone-conseils\/tendances-2025-assurance-collective\/#primaryimage"},"image":{"@id":"https:\/\/www.vigilis.ca\/zone-conseils\/tendances-2025-assurance-collective\/#primaryimage"},"thumbnailUrl":"https:\/\/www.vigilis.ca\/zone-conseils\/wp-content\/uploads\/2025\/01\/tendances-2025-assurance-collective-1140x500-1.png","datePublished":"2025-01-29T14:01:30+00:00","dateModified":"2025-01-29T14:27:27+00:00","author":{"@id":"https:\/\/www.vigilis.ca\/zone-conseils\/#\/schema\/person\/c47d6343d1e7b9119ebb1b3c50c022d6"},"description":"L\u2019assurance collective conna\u00eet une \u00e9volution rapide, port\u00e9e par les nouvelles attentes des employ\u00e9s et les d\u00e9fis \u00e9conomiques des entreprises.Les employeurs doivent maintenant composer avec un march\u00e9 du travail en pleine mutation, marqu\u00e9 par la g\u00e9n\u00e9ralisation du t\u00e9l\u00e9travail, l\u2019importance grandissante de la sant\u00e9 mentale et l\u2019essor des solutions num\u00e9riques. Ces tendances transforment les r\u00e9gimes d\u2019assurance collective, les rendant plus flexibles, plus personnalis\u00e9s et mieux adapt\u00e9s aux r\u00e9alit\u00e9s modernes.","breadcrumb":{"@id":"https:\/\/www.vigilis.ca\/zone-conseils\/tendances-2025-assurance-collective\/#breadcrumb"},"inLanguage":"fr-FR","potentialAction":[{"@type":"ReadAction","target":["https:\/\/www.vigilis.ca\/zone-conseils\/tendances-2025-assurance-collective\/"]}]},{"@type":"ImageObject","inLanguage":"fr-FR","@id":"https:\/\/www.vigilis.ca\/zone-conseils\/tendances-2025-assurance-collective\/#primaryimage","url":"https:\/\/www.vigilis.ca\/zone-conseils\/wp-content\/uploads\/2025\/01\/tendances-2025-assurance-collective-1140x500-1.png","contentUrl":"https:\/\/www.vigilis.ca\/zone-conseils\/wp-content\/uploads\/2025\/01\/tendances-2025-assurance-collective-1140x500-1.png","width":1140,"height":500,"caption":"tendances-2025-assurance-collective"},{"@type":"BreadcrumbList","@id":"https:\/\/www.vigilis.ca\/zone-conseils\/tendances-2025-assurance-collective\/#breadcrumb","itemListElement":[{"@type":"ListItem","position":1,"name":"Accueil","item":"https:\/\/www.vigilis.ca\/zone-conseils\/"},{"@type":"ListItem","position":2,"name":"Les tendances 2025 en assurance collective : technologies, flexibilit\u00e9 et sant\u00e9 mentale"}]},{"@type":"WebSite","@id":"https:\/\/www.vigilis.ca\/zone-conseils\/#website","url":"https:\/\/www.vigilis.ca\/zone-conseils\/","name":"VIGILIS - Zone conseils","description":"","potentialAction":[{"@type":"SearchAction","target":{"@type":"EntryPoint","urlTemplate":"https:\/\/www.vigilis.ca\/zone-conseils\/?s={search_term_string}"},"query-input":{"@type":"PropertyValueSpecification","valueRequired":true,"valueName":"search_term_string"}}],"inLanguage":"fr-FR"},{"@type":"Person","@id":"https:\/\/www.vigilis.ca\/zone-conseils\/#\/schema\/person\/c47d6343d1e7b9119ebb1b3c50c022d6","name":"Myriam","image":{"@type":"ImageObject","inLanguage":"fr-FR","@id":"https:\/\/www.vigilis.ca\/zone-conseils\/#\/schema\/person\/image\/","url":"https:\/\/secure.gravatar.com\/avatar\/4f33c2fb39b67403c6768f47dd92598bb0259ccb56e50e00516048b55e2ae4a3?s=96&d=mm&r=g","contentUrl":"https:\/\/secure.gravatar.com\/avatar\/4f33c2fb39b67403c6768f47dd92598bb0259ccb56e50e00516048b55e2ae4a3?s=96&d=mm&r=g","caption":"Myriam"}}]}},"rttpg_featured_image_url":{"full":["https:\/\/www.vigilis.ca\/zone-conseils\/wp-content\/uploads\/2025\/01\/tendances-2025-assurance-collective-1140x500-1.png",1140,500,false],"landscape":["https:\/\/www.vigilis.ca\/zone-conseils\/wp-content\/uploads\/2025\/01\/tendances-2025-assurance-collective-1140x500-1.png",1140,500,false],"portraits":["https:\/\/www.vigilis.ca\/zone-conseils\/wp-content\/uploads\/2025\/01\/tendances-2025-assurance-collective-1140x500-1.png",1140,500,false],"thumbnail":["https:\/\/www.vigilis.ca\/zone-conseils\/wp-content\/uploads\/2025\/01\/tendances-2025-assurance-collective-1140x500-1-150x150.png",150,150,true],"medium":["https:\/\/www.vigilis.ca\/zone-conseils\/wp-content\/uploads\/2025\/01\/tendances-2025-assurance-collective-1140x500-1-300x132.png",300,132,true],"large":["https:\/\/www.vigilis.ca\/zone-conseils\/wp-content\/uploads\/2025\/01\/tendances-2025-assurance-collective-1140x500-1.png",1140,500,false],"1536x1536":["https:\/\/www.vigilis.ca\/zone-conseils\/wp-content\/uploads\/2025\/01\/tendances-2025-assurance-collective-1140x500-1.png",1140,500,false],"2048x2048":["https:\/\/www.vigilis.ca\/zone-conseils\/wp-content\/uploads\/2025\/01\/tendances-2025-assurance-collective-1140x500-1.png",1140,500,false],"featured-image":["https:\/\/www.vigilis.ca\/zone-conseils\/wp-content\/uploads\/2025\/01\/tendances-2025-assurance-collective-1140x500-1-358x200.png",358,200,true],"home-top":["https:\/\/www.vigilis.ca\/zone-conseils\/wp-content\/uploads\/2025\/01\/tendances-2025-assurance-collective-1140x500-1-750x500.png",750,500,true],"crp_thumbnail":["https:\/\/www.vigilis.ca\/zone-conseils\/wp-content\/uploads\/2025\/01\/tendances-2025-assurance-collective-1140x500-1-320x140.png",320,140,true]},"rttpg_author":{"display_name":"Myriam","author_link":"https:\/\/www.vigilis.ca\/zone-conseils\/author\/myriam-2\/"},"rttpg_comment":0,"rttpg_category":"<a href=\"https:\/\/www.vigilis.ca\/zone-conseils\/articles\/cat-entreprises\/\" rel=\"category tag\">Entreprises<\/a>","rttpg_excerpt":"L\u2019assurance collective conna\u00eet une \u00e9volution rapide, port\u00e9e par les nouvelles attentes des employ\u00e9s et les d\u00e9fis \u00e9conomiques des entreprises. Les employeurs doivent maintenant composer avec un march\u00e9 du travail en pleine mutation, marqu\u00e9 par la g\u00e9n\u00e9ralisation du t\u00e9l\u00e9travail, l\u2019importance grandissante de la sant\u00e9 mentale et l\u2019essor des solutions num\u00e9riques. Ces tendances transforment les r\u00e9gimes d\u2019assurance\u2026","_links":{"self":[{"href":"https:\/\/www.vigilis.ca\/zone-conseils\/wp-json\/wp\/v2\/posts\/1064","targetHints":{"allow":["GET"]}}],"collection":[{"href":"https:\/\/www.vigilis.ca\/zone-conseils\/wp-json\/wp\/v2\/posts"}],"about":[{"href":"https:\/\/www.vigilis.ca\/zone-conseils\/wp-json\/wp\/v2\/types\/post"}],"author":[{"embeddable":true,"href":"https:\/\/www.vigilis.ca\/zone-conseils\/wp-json\/wp\/v2\/users\/2"}],"replies":[{"embeddable":true,"href":"https:\/\/www.vigilis.ca\/zone-conseils\/wp-json\/wp\/v2\/comments?post=1064"}],"version-history":[{"count":2,"href":"https:\/\/www.vigilis.ca\/zone-conseils\/wp-json\/wp\/v2\/posts\/1064\/revisions"}],"predecessor-version":[{"id":1067,"href":"https:\/\/www.vigilis.ca\/zone-conseils\/wp-json\/wp\/v2\/posts\/1064\/revisions\/1067"}],"wp:featuredmedia":[{"embeddable":true,"href":"https:\/\/www.vigilis.ca\/zone-conseils\/wp-json\/wp\/v2\/media\/1068"}],"wp:attachment":[{"href":"https:\/\/www.vigilis.ca\/zone-conseils\/wp-json\/wp\/v2\/media?parent=1064"}],"wp:term":[{"taxonomy":"category","embeddable":true,"href":"https:\/\/www.vigilis.ca\/zone-conseils\/wp-json\/wp\/v2\/categories?post=1064"},{"taxonomy":"post_tag","embeddable":true,"href":"https:\/\/www.vigilis.ca\/zone-conseils\/wp-json\/wp\/v2\/tags?post=1064"}],"curies":[{"name":"wp","href":"https:\/\/api.w.org\/{rel}","templated":true}]}}