{"id":1036,"date":"2025-01-27T13:45:09","date_gmt":"2025-01-27T18:45:09","guid":{"rendered":"https:\/\/www.vigilis.ca\/zone-conseils\/?p=1036"},"modified":"2025-01-28T11:55:55","modified_gmt":"2025-01-28T16:55:55","slug":"comment-proteger-vos-actifs-dans-un-contexte-economique-instable","status":"publish","type":"post","link":"https:\/\/www.vigilis.ca\/zone-conseils\/comment-proteger-vos-actifs-dans-un-contexte-economique-instable\/","title":{"rendered":"Comment prot\u00e9ger vos actifs dans un contexte \u00e9conomique instable"},"content":{"rendered":"<p><strong>Les cycles politiques marqu\u00e9s par des figures influentes rappellent \u00e0 quel point les d\u00e9cisions politiques peuvent affecter directement l\u2019\u00e9conomie et, par extension, vos finances personnelles. Les choix de ces leaders, parfois impr\u00e9visibles, peuvent engendrer une volatilit\u00e9 \u00e9conomique importante et affecter directement vos investissements.<\/strong><\/p>\n<p><strong>Comment naviguer dans cet environnement \u00e9conomique incertain? Voici quelques principes cl\u00e9s et pistes de solution.<\/strong><\/p>\n<h3><strong>Diversifiez vos actifs pour limiter l\u2019impact des d\u00e9cisions politiques<\/strong><\/h3>\n<p>Les d\u00e9cisions \u00e9conomiques impr\u00e9visibles peuvent avoir des r\u00e9percussions majeures sur les march\u00e9s. Dans des p\u00e9riodes d\u2019incertitude politique ou \u00e9conomique, la diversification devient essentielle pour r\u00e9duire le risque.<\/p>\n<h2><strong>Diversifiez g\u00e9ographiquement<\/strong> :<\/h2>\n<p>Si les tensions commerciales affectent les relations \u00e9conomiques entre certains pays, investir \u00e0 l&rsquo;international peut aider \u00e0 limiter votre exposition aux risques sp\u00e9cifiques \u00e0 un march\u00e9.<\/p>\n<h2><strong>Variez les cat\u00e9gories d\u2019actifs<\/strong> :<\/h2>\n<p>Un portefeuille bien \u00e9quilibr\u00e9, combinant actions, obligations, ou autres placements diversifi\u00e9s, offre une meilleure protection contre les chocs sp\u00e9cifiques \u00e0 un secteur.<\/p>\n<p><strong>La diversification est le premier outil \u00e0 consid\u00e9rer pour minimiser l\u2019impact des politiques impr\u00e9vues sur vos investissements.<\/strong><\/p>\n<h3><strong>Adaptez votre strat\u00e9gie \u00e0 votre profil d\u2019investisseur<\/strong><\/h3>\n<p>Les r\u00e9formes \u00e9conomiques majeures, comme les ajustements fiscaux ou les changements dans les politiques commerciales, peuvent offrir des opportunit\u00e9s pour certains mais augmenter les risques pour d\u2019autres. Comprendre votre profil d\u2019investisseur vous aidera \u00e0 mieux naviguer dans ces contextes complexes :<\/p>\n<h2><strong>D\u00e9terminez votre tol\u00e9rance au risque<\/strong> :<\/h2>\n<p>Les politiques \u00e9conomiques, qu\u2019elles soient protectionnistes ou expansionnistes peuvent entra\u00eener une volatilit\u00e9 accrue. \u00cates-vous pr\u00eat \u00e0 accepter des fluctuations importantes \u00e0 court terme?<\/p>\n<h2><strong>Pr\u00e9cisez votre horizon de placement<\/strong> :<\/h2>\n<p>Pour des projets \u00e0 court terme, une strat\u00e9gie plus conservatrice peut \u00eatre pr\u00e9f\u00e9rable. \u00c0 l\u2019inverse, si vous investissez pour le long terme, ces p\u00e9riodes de turbulences peuvent devenir des opportunit\u00e9s de croissance.<\/p>\n<h3><strong>Optez pour une gestion active <\/strong><\/h3>\n<p>Certaines d\u00e9cisions politiques peuvent bouleverser les march\u00e9s en un clin d\u2019\u0153il.<\/p>\n<p>Les fluctuations rapides des march\u00e9s n\u00e9cessitent une attention particuli\u00e8re et des ajustements strat\u00e9giques. C\u2019est ici qu\u2019une <strong>gestion active<\/strong> peut faire la diff\u00e9rence.<\/p>\n<h2><strong>Surveillez et r\u00e9agissez rapidement<\/strong> :<\/h2>\n<p>Les gestionnaires actifs suivent de pr\u00e8s les march\u00e9s, analysent les tendances et ajustent les positions en temps r\u00e9el pour saisir les opportunit\u00e9s ou limiter les risques.<\/p>\n<h2><strong>Soyez strat\u00e9gique<\/strong> :<\/h2>\n<p>Parfois, la meilleure d\u00e9cision est de ne pas r\u00e9agir imm\u00e9diatement, surtout si une chute de march\u00e9 semble injustifi\u00e9e \u00e0 long terme.<\/p>\n<p><strong>En confiant la gestion active de votre portefeuille \u00e0 un gestionnaire aguerri, vous b\u00e9n\u00e9ficiez d\u2019un accompagnement strat\u00e9gique qui s\u2019adapte aux impr\u00e9vus et optimise vos placements pour mieux naviguer dans l\u2019incertitude.<\/strong><\/p>\n<h3><strong>Prot\u00e9gez votre avenir avec une vision structur\u00e9e<\/strong><\/h3>\n<p>Nous oublions parfois, au milieu de la temp\u00eate, que <a href=\"https:\/\/www.vigilis.ca\/zone-conseils\/linvestisseur-et-les-creux-boursiers\/\">les perturbations politiques et \u00e9conomiques sont temporaires<\/a>. Rappelez-vous la chute vertigineuse des march\u00e9s au printemps 2020 : ceux qui sont rest\u00e9s investis, ont termin\u00e9 l\u2019ann\u00e9e, pour la plupart, avec un rendement dans les deux chiffres.<\/p>\n<h2><strong>Maintenez une r\u00e9serve de liquidit\u00e9s\u00a0:<\/strong><\/h2>\n<p>Garder des liquidit\u00e9s pour les impr\u00e9vus permet de rester \u00e0 l\u2019abri des fluctuations \u00e9conomiques en vous \u00e9vitant de vendre vos placements \u00e0 des moments d\u00e9favorables.<\/p>\n<p><strong>En ayant une vision \u00e0 long terme, vous pouvez mieux r\u00e9sister aux crises passag\u00e8res et maximiser le potentiel de croissance de vos investissements.<\/strong><\/p>\n<h3><strong>Investissez dans des valeurs durables malgr\u00e9 les incertitudes<\/strong><\/h3>\n<p>L\u2019environnement \u00e9conomique actuelle cr\u00e9e de l\u2019incertitude, particuli\u00e8rement pour les investissements responsables. Pourtant, la transition \u00e9nerg\u00e9tique se poursuit et la finance durable continue de cro\u00eetre, offrant des opportunit\u00e9s int\u00e9ressantes, m\u00eame face \u00e0 une politique \u00e9conomique instable.<\/p>\n<h2><strong>Privil\u00e9giez des placements en phase avec vos valeurs : <\/strong><\/h2>\n<p>Les fonds ESG (environnementaux, sociaux et de gouvernance) permettent de conjuguer impact positif et r\u00e9silience face \u00e0 la volatilit\u00e9 des march\u00e9s.<\/p>\n<h2><strong>Adoptez une vision \u00e0 long terme : <\/strong><\/h2>\n<p>Bien que les d\u00e9cisions politiques influencent certains secteurs \u00e0 court terme, les investissements responsables restent souvent pertinents pour une croissance durable.<\/p>\n<p><strong>En conclusion : Soyez pr\u00eat \u00e0 naviguer dans l\u2019incertitude<\/strong><\/p>\n<p>Les r\u00e9formes \u00e9conomiques, les tensions commerciales et les politiques impr\u00e9visibles peuvent cr\u00e9er une volatilit\u00e9 \u00e9conomique importante. Ces exemples montrent que les cycles politiques ont un impact direct sur vos finances, et qu\u2019une strat\u00e9gie proactive est indispensable.<\/p>\n<p><strong>Pour prot\u00e9ger vos actifs, concentrez-vous sur la diversification, la flexibilit\u00e9 et une vision \u00e0 long terme. Avec un bon accompagnement, vous serez mieux pr\u00e9par\u00e9 \u00e0 prendre des d\u00e9cisions r\u00e9fl\u00e9chies pour prot\u00e9ger votre avenir et celui de vos proches, peu importe les d\u00e9fis politiques ou \u00e9conomiques qui se pr\u00e9sentent.<\/strong><\/p>\n<h3><strong>Le saviez-vous?<\/strong> Chez VIGILIS, notre \u00e9quipe en gestion de patrimoine peut vous accompagner et vous recommander une strat\u00e9gie sur-mesure, align\u00e9e avec vos objectifs et vos valeurs.<\/h3>\n<h3><a href=\"https:\/\/www.vigilis.ca\/nous-joindre.php\">Contactez-nous pour en savoir plus.<\/a><\/h3>\n<!-- AddThis Advanced Settings generic via filter on the_content --><!-- AddThis Share Buttons generic via filter on the_content -->","protected":false},"excerpt":{"rendered":"<p>Les cycles politiques marqu\u00e9s par des figures influentes rappellent \u00e0 quel point les d\u00e9cisions politiques peuvent affecter directement l\u2019\u00e9conomie et, par extension, vos finances personnelles. Les choix de ces leaders, parfois impr\u00e9visibles, peuvent engendrer une volatilit\u00e9 \u00e9conomique importante et affecter directement vos investissements. Comment naviguer dans cet environnement \u00e9conomique incertain? Voici quelques principes cl\u00e9s et [&hellip;]<!-- AddThis Advanced Settings generic via filter on get_the_excerpt --><!-- AddThis Share Buttons generic via filter on get_the_excerpt --><\/p>\n","protected":false},"author":2,"featured_media":1055,"comment_status":"open","ping_status":"closed","sticky":false,"template":"","format":"standard","meta":{"_acf_changed":false,"_genesis_hide_title":false,"_genesis_hide_breadcrumbs":false,"_genesis_hide_singular_image":false,"_genesis_hide_footer_widgets":false,"_genesis_custom_body_class":"","_genesis_custom_post_class":"","_genesis_layout":"full-width-content","footnotes":""},"categories":[3],"tags":[],"class_list":{"0":"post-1036","1":"post","2":"type-post","3":"status-publish","4":"format-standard","5":"has-post-thumbnail","7":"category-cat-particuliers","8":"entry"},"acf":[],"yoast_head":"<!-- This site is optimized with the Yoast SEO plugin v27.0 - https:\/\/yoast.com\/product\/yoast-seo-wordpress\/ -->\n<title>Comment prot\u00e9ger vos actifs dans un contexte \u00e9conomique instable - VIGILIS - Zone conseils<\/title>\n<meta name=\"description\" content=\"Les choix politiques, parfois impr\u00e9visibles, peuvent engendrer une volatilit\u00e9 \u00e9conomique importante et affecter directement vos investissements. Comment naviguer dans cet environnement \u00e9conomique incertain? Voici quelques principes cl\u00e9s et pistes de solution.\" \/>\n<meta name=\"robots\" content=\"index, follow, max-snippet:-1, max-image-preview:large, max-video-preview:-1\" \/>\n<link rel=\"canonical\" href=\"https:\/\/www.vigilis.ca\/zone-conseils\/comment-proteger-vos-actifs-dans-un-contexte-economique-instable\/\" \/>\n<meta property=\"og:locale\" content=\"fr_FR\" \/>\n<meta property=\"og:type\" content=\"article\" \/>\n<meta property=\"og:title\" content=\"Comment prot\u00e9ger vos actifs dans un contexte \u00e9conomique instable - VIGILIS - Zone conseils\" \/>\n<meta property=\"og:description\" content=\"Les choix politiques, parfois impr\u00e9visibles, peuvent engendrer une volatilit\u00e9 \u00e9conomique importante et affecter directement vos investissements. Comment naviguer dans cet environnement \u00e9conomique incertain? Voici quelques principes cl\u00e9s et pistes de solution.\" \/>\n<meta property=\"og:url\" content=\"https:\/\/www.vigilis.ca\/zone-conseils\/comment-proteger-vos-actifs-dans-un-contexte-economique-instable\/\" \/>\n<meta property=\"og:site_name\" content=\"VIGILIS - Zone conseils\" \/>\n<meta property=\"article:published_time\" content=\"2025-01-27T18:45:09+00:00\" \/>\n<meta property=\"article:modified_time\" content=\"2025-01-28T16:55:55+00:00\" \/>\n<meta property=\"og:image\" content=\"https:\/\/www.vigilis.ca\/zone-conseils\/wp-content\/uploads\/2025\/01\/Marches-incertain_Plan-de-travail-1-1140x500.png\" \/>\n\t<meta property=\"og:image:width\" content=\"1140\" \/>\n\t<meta property=\"og:image:height\" content=\"500\" \/>\n\t<meta property=\"og:image:type\" content=\"image\/png\" \/>\n<meta name=\"author\" content=\"Myriam\" \/>\n<meta name=\"twitter:card\" content=\"summary_large_image\" \/>\n<meta name=\"twitter:label1\" content=\"\u00c9crit par\" \/>\n\t<meta name=\"twitter:data1\" content=\"Myriam\" \/>\n\t<meta name=\"twitter:label2\" content=\"Dur\u00e9e de lecture estim\u00e9e\" \/>\n\t<meta name=\"twitter:data2\" content=\"4 minutes\" \/>\n<script type=\"application\/ld+json\" class=\"yoast-schema-graph\">{\"@context\":\"https:\/\/schema.org\",\"@graph\":[{\"@type\":\"Article\",\"@id\":\"https:\/\/www.vigilis.ca\/zone-conseils\/comment-proteger-vos-actifs-dans-un-contexte-economique-instable\/#article\",\"isPartOf\":{\"@id\":\"https:\/\/www.vigilis.ca\/zone-conseils\/comment-proteger-vos-actifs-dans-un-contexte-economique-instable\/\"},\"author\":{\"name\":\"Myriam\",\"@id\":\"https:\/\/www.vigilis.ca\/zone-conseils\/#\/schema\/person\/c47d6343d1e7b9119ebb1b3c50c022d6\"},\"headline\":\"Comment prot\u00e9ger vos actifs dans un contexte \u00e9conomique instable\",\"datePublished\":\"2025-01-27T18:45:09+00:00\",\"dateModified\":\"2025-01-28T16:55:55+00:00\",\"mainEntityOfPage\":{\"@id\":\"https:\/\/www.vigilis.ca\/zone-conseils\/comment-proteger-vos-actifs-dans-un-contexte-economique-instable\/\"},\"wordCount\":822,\"commentCount\":0,\"image\":{\"@id\":\"https:\/\/www.vigilis.ca\/zone-conseils\/comment-proteger-vos-actifs-dans-un-contexte-economique-instable\/#primaryimage\"},\"thumbnailUrl\":\"https:\/\/www.vigilis.ca\/zone-conseils\/wp-content\/uploads\/2025\/01\/Marches-incertain_Plan-de-travail-1.png\",\"articleSection\":[\"Particuliers\"],\"inLanguage\":\"fr-FR\",\"potentialAction\":[{\"@type\":\"CommentAction\",\"name\":\"Comment\",\"target\":[\"https:\/\/www.vigilis.ca\/zone-conseils\/comment-proteger-vos-actifs-dans-un-contexte-economique-instable\/#respond\"]}]},{\"@type\":\"WebPage\",\"@id\":\"https:\/\/www.vigilis.ca\/zone-conseils\/comment-proteger-vos-actifs-dans-un-contexte-economique-instable\/\",\"url\":\"https:\/\/www.vigilis.ca\/zone-conseils\/comment-proteger-vos-actifs-dans-un-contexte-economique-instable\/\",\"name\":\"Comment prot\u00e9ger vos actifs dans un contexte \u00e9conomique instable - VIGILIS - Zone conseils\",\"isPartOf\":{\"@id\":\"https:\/\/www.vigilis.ca\/zone-conseils\/#website\"},\"primaryImageOfPage\":{\"@id\":\"https:\/\/www.vigilis.ca\/zone-conseils\/comment-proteger-vos-actifs-dans-un-contexte-economique-instable\/#primaryimage\"},\"image\":{\"@id\":\"https:\/\/www.vigilis.ca\/zone-conseils\/comment-proteger-vos-actifs-dans-un-contexte-economique-instable\/#primaryimage\"},\"thumbnailUrl\":\"https:\/\/www.vigilis.ca\/zone-conseils\/wp-content\/uploads\/2025\/01\/Marches-incertain_Plan-de-travail-1.png\",\"datePublished\":\"2025-01-27T18:45:09+00:00\",\"dateModified\":\"2025-01-28T16:55:55+00:00\",\"author\":{\"@id\":\"https:\/\/www.vigilis.ca\/zone-conseils\/#\/schema\/person\/c47d6343d1e7b9119ebb1b3c50c022d6\"},\"description\":\"Les choix politiques, parfois impr\u00e9visibles, peuvent engendrer une volatilit\u00e9 \u00e9conomique importante et affecter directement vos investissements. Comment naviguer dans cet environnement \u00e9conomique incertain? Voici quelques principes cl\u00e9s et pistes de solution.\",\"breadcrumb\":{\"@id\":\"https:\/\/www.vigilis.ca\/zone-conseils\/comment-proteger-vos-actifs-dans-un-contexte-economique-instable\/#breadcrumb\"},\"inLanguage\":\"fr-FR\",\"potentialAction\":[{\"@type\":\"ReadAction\",\"target\":[\"https:\/\/www.vigilis.ca\/zone-conseils\/comment-proteger-vos-actifs-dans-un-contexte-economique-instable\/\"]}]},{\"@type\":\"ImageObject\",\"inLanguage\":\"fr-FR\",\"@id\":\"https:\/\/www.vigilis.ca\/zone-conseils\/comment-proteger-vos-actifs-dans-un-contexte-economique-instable\/#primaryimage\",\"url\":\"https:\/\/www.vigilis.ca\/zone-conseils\/wp-content\/uploads\/2025\/01\/Marches-incertain_Plan-de-travail-1.png\",\"contentUrl\":\"https:\/\/www.vigilis.ca\/zone-conseils\/wp-content\/uploads\/2025\/01\/Marches-incertain_Plan-de-travail-1.png\",\"width\":4750,\"height\":2084,\"caption\":\"March\u00e9s incertains\"},{\"@type\":\"BreadcrumbList\",\"@id\":\"https:\/\/www.vigilis.ca\/zone-conseils\/comment-proteger-vos-actifs-dans-un-contexte-economique-instable\/#breadcrumb\",\"itemListElement\":[{\"@type\":\"ListItem\",\"position\":1,\"name\":\"Accueil\",\"item\":\"https:\/\/www.vigilis.ca\/zone-conseils\/\"},{\"@type\":\"ListItem\",\"position\":2,\"name\":\"Comment prot\u00e9ger vos actifs dans un contexte \u00e9conomique instable\"}]},{\"@type\":\"WebSite\",\"@id\":\"https:\/\/www.vigilis.ca\/zone-conseils\/#website\",\"url\":\"https:\/\/www.vigilis.ca\/zone-conseils\/\",\"name\":\"VIGILIS - Zone conseils\",\"description\":\"\",\"potentialAction\":[{\"@type\":\"SearchAction\",\"target\":{\"@type\":\"EntryPoint\",\"urlTemplate\":\"https:\/\/www.vigilis.ca\/zone-conseils\/?s={search_term_string}\"},\"query-input\":{\"@type\":\"PropertyValueSpecification\",\"valueRequired\":true,\"valueName\":\"search_term_string\"}}],\"inLanguage\":\"fr-FR\"},{\"@type\":\"Person\",\"@id\":\"https:\/\/www.vigilis.ca\/zone-conseils\/#\/schema\/person\/c47d6343d1e7b9119ebb1b3c50c022d6\",\"name\":\"Myriam\",\"image\":{\"@type\":\"ImageObject\",\"inLanguage\":\"fr-FR\",\"@id\":\"https:\/\/www.vigilis.ca\/zone-conseils\/#\/schema\/person\/image\/\",\"url\":\"https:\/\/secure.gravatar.com\/avatar\/4f33c2fb39b67403c6768f47dd92598bb0259ccb56e50e00516048b55e2ae4a3?s=96&d=mm&r=g\",\"contentUrl\":\"https:\/\/secure.gravatar.com\/avatar\/4f33c2fb39b67403c6768f47dd92598bb0259ccb56e50e00516048b55e2ae4a3?s=96&d=mm&r=g\",\"caption\":\"Myriam\"}}]}<\/script>\n<!-- \/ Yoast SEO plugin. -->","yoast_head_json":{"title":"Comment prot\u00e9ger vos actifs dans un contexte \u00e9conomique instable - VIGILIS - Zone conseils","description":"Les choix politiques, parfois impr\u00e9visibles, peuvent engendrer une volatilit\u00e9 \u00e9conomique importante et affecter directement vos investissements. Comment naviguer dans cet environnement \u00e9conomique incertain? Voici quelques principes cl\u00e9s et pistes de solution.","robots":{"index":"index","follow":"follow","max-snippet":"max-snippet:-1","max-image-preview":"max-image-preview:large","max-video-preview":"max-video-preview:-1"},"canonical":"https:\/\/www.vigilis.ca\/zone-conseils\/comment-proteger-vos-actifs-dans-un-contexte-economique-instable\/","og_locale":"fr_FR","og_type":"article","og_title":"Comment prot\u00e9ger vos actifs dans un contexte \u00e9conomique instable - VIGILIS - Zone conseils","og_description":"Les choix politiques, parfois impr\u00e9visibles, peuvent engendrer une volatilit\u00e9 \u00e9conomique importante et affecter directement vos investissements. Comment naviguer dans cet environnement \u00e9conomique incertain? Voici quelques principes cl\u00e9s et pistes de solution.","og_url":"https:\/\/www.vigilis.ca\/zone-conseils\/comment-proteger-vos-actifs-dans-un-contexte-economique-instable\/","og_site_name":"VIGILIS - Zone conseils","article_published_time":"2025-01-27T18:45:09+00:00","article_modified_time":"2025-01-28T16:55:55+00:00","og_image":[{"width":1140,"height":500,"url":"https:\/\/www.vigilis.ca\/zone-conseils\/wp-content\/uploads\/2025\/01\/Marches-incertain_Plan-de-travail-1-1140x500.png","type":"image\/png"}],"author":"Myriam","twitter_card":"summary_large_image","twitter_misc":{"\u00c9crit par":"Myriam","Dur\u00e9e de lecture estim\u00e9e":"4 minutes"},"schema":{"@context":"https:\/\/schema.org","@graph":[{"@type":"Article","@id":"https:\/\/www.vigilis.ca\/zone-conseils\/comment-proteger-vos-actifs-dans-un-contexte-economique-instable\/#article","isPartOf":{"@id":"https:\/\/www.vigilis.ca\/zone-conseils\/comment-proteger-vos-actifs-dans-un-contexte-economique-instable\/"},"author":{"name":"Myriam","@id":"https:\/\/www.vigilis.ca\/zone-conseils\/#\/schema\/person\/c47d6343d1e7b9119ebb1b3c50c022d6"},"headline":"Comment prot\u00e9ger vos actifs dans un contexte \u00e9conomique instable","datePublished":"2025-01-27T18:45:09+00:00","dateModified":"2025-01-28T16:55:55+00:00","mainEntityOfPage":{"@id":"https:\/\/www.vigilis.ca\/zone-conseils\/comment-proteger-vos-actifs-dans-un-contexte-economique-instable\/"},"wordCount":822,"commentCount":0,"image":{"@id":"https:\/\/www.vigilis.ca\/zone-conseils\/comment-proteger-vos-actifs-dans-un-contexte-economique-instable\/#primaryimage"},"thumbnailUrl":"https:\/\/www.vigilis.ca\/zone-conseils\/wp-content\/uploads\/2025\/01\/Marches-incertain_Plan-de-travail-1.png","articleSection":["Particuliers"],"inLanguage":"fr-FR","potentialAction":[{"@type":"CommentAction","name":"Comment","target":["https:\/\/www.vigilis.ca\/zone-conseils\/comment-proteger-vos-actifs-dans-un-contexte-economique-instable\/#respond"]}]},{"@type":"WebPage","@id":"https:\/\/www.vigilis.ca\/zone-conseils\/comment-proteger-vos-actifs-dans-un-contexte-economique-instable\/","url":"https:\/\/www.vigilis.ca\/zone-conseils\/comment-proteger-vos-actifs-dans-un-contexte-economique-instable\/","name":"Comment prot\u00e9ger vos actifs dans un contexte \u00e9conomique instable - VIGILIS - Zone conseils","isPartOf":{"@id":"https:\/\/www.vigilis.ca\/zone-conseils\/#website"},"primaryImageOfPage":{"@id":"https:\/\/www.vigilis.ca\/zone-conseils\/comment-proteger-vos-actifs-dans-un-contexte-economique-instable\/#primaryimage"},"image":{"@id":"https:\/\/www.vigilis.ca\/zone-conseils\/comment-proteger-vos-actifs-dans-un-contexte-economique-instable\/#primaryimage"},"thumbnailUrl":"https:\/\/www.vigilis.ca\/zone-conseils\/wp-content\/uploads\/2025\/01\/Marches-incertain_Plan-de-travail-1.png","datePublished":"2025-01-27T18:45:09+00:00","dateModified":"2025-01-28T16:55:55+00:00","author":{"@id":"https:\/\/www.vigilis.ca\/zone-conseils\/#\/schema\/person\/c47d6343d1e7b9119ebb1b3c50c022d6"},"description":"Les choix politiques, parfois impr\u00e9visibles, peuvent engendrer une volatilit\u00e9 \u00e9conomique importante et affecter directement vos investissements. Comment naviguer dans cet environnement \u00e9conomique incertain? Voici quelques principes cl\u00e9s et pistes de solution.","breadcrumb":{"@id":"https:\/\/www.vigilis.ca\/zone-conseils\/comment-proteger-vos-actifs-dans-un-contexte-economique-instable\/#breadcrumb"},"inLanguage":"fr-FR","potentialAction":[{"@type":"ReadAction","target":["https:\/\/www.vigilis.ca\/zone-conseils\/comment-proteger-vos-actifs-dans-un-contexte-economique-instable\/"]}]},{"@type":"ImageObject","inLanguage":"fr-FR","@id":"https:\/\/www.vigilis.ca\/zone-conseils\/comment-proteger-vos-actifs-dans-un-contexte-economique-instable\/#primaryimage","url":"https:\/\/www.vigilis.ca\/zone-conseils\/wp-content\/uploads\/2025\/01\/Marches-incertain_Plan-de-travail-1.png","contentUrl":"https:\/\/www.vigilis.ca\/zone-conseils\/wp-content\/uploads\/2025\/01\/Marches-incertain_Plan-de-travail-1.png","width":4750,"height":2084,"caption":"March\u00e9s incertains"},{"@type":"BreadcrumbList","@id":"https:\/\/www.vigilis.ca\/zone-conseils\/comment-proteger-vos-actifs-dans-un-contexte-economique-instable\/#breadcrumb","itemListElement":[{"@type":"ListItem","position":1,"name":"Accueil","item":"https:\/\/www.vigilis.ca\/zone-conseils\/"},{"@type":"ListItem","position":2,"name":"Comment prot\u00e9ger vos actifs dans un contexte \u00e9conomique instable"}]},{"@type":"WebSite","@id":"https:\/\/www.vigilis.ca\/zone-conseils\/#website","url":"https:\/\/www.vigilis.ca\/zone-conseils\/","name":"VIGILIS - Zone conseils","description":"","potentialAction":[{"@type":"SearchAction","target":{"@type":"EntryPoint","urlTemplate":"https:\/\/www.vigilis.ca\/zone-conseils\/?s={search_term_string}"},"query-input":{"@type":"PropertyValueSpecification","valueRequired":true,"valueName":"search_term_string"}}],"inLanguage":"fr-FR"},{"@type":"Person","@id":"https:\/\/www.vigilis.ca\/zone-conseils\/#\/schema\/person\/c47d6343d1e7b9119ebb1b3c50c022d6","name":"Myriam","image":{"@type":"ImageObject","inLanguage":"fr-FR","@id":"https:\/\/www.vigilis.ca\/zone-conseils\/#\/schema\/person\/image\/","url":"https:\/\/secure.gravatar.com\/avatar\/4f33c2fb39b67403c6768f47dd92598bb0259ccb56e50e00516048b55e2ae4a3?s=96&d=mm&r=g","contentUrl":"https:\/\/secure.gravatar.com\/avatar\/4f33c2fb39b67403c6768f47dd92598bb0259ccb56e50e00516048b55e2ae4a3?s=96&d=mm&r=g","caption":"Myriam"}}]}},"rttpg_featured_image_url":{"full":["https:\/\/www.vigilis.ca\/zone-conseils\/wp-content\/uploads\/2025\/01\/Marches-incertain_Plan-de-travail-1.png",4750,2084,false],"landscape":["https:\/\/www.vigilis.ca\/zone-conseils\/wp-content\/uploads\/2025\/01\/Marches-incertain_Plan-de-travail-1.png",4750,2084,false],"portraits":["https:\/\/www.vigilis.ca\/zone-conseils\/wp-content\/uploads\/2025\/01\/Marches-incertain_Plan-de-travail-1.png",4750,2084,false],"thumbnail":["https:\/\/www.vigilis.ca\/zone-conseils\/wp-content\/uploads\/2025\/01\/Marches-incertain_Plan-de-travail-1-150x150.png",150,150,true],"medium":["https:\/\/www.vigilis.ca\/zone-conseils\/wp-content\/uploads\/2025\/01\/Marches-incertain_Plan-de-travail-1-300x132.png",300,132,true],"large":["https:\/\/www.vigilis.ca\/zone-conseils\/wp-content\/uploads\/2025\/01\/Marches-incertain_Plan-de-travail-1-1140x500.png",1140,500,true],"1536x1536":["https:\/\/www.vigilis.ca\/zone-conseils\/wp-content\/uploads\/2025\/01\/Marches-incertain_Plan-de-travail-1-1536x674.png",1536,674,true],"2048x2048":["https:\/\/www.vigilis.ca\/zone-conseils\/wp-content\/uploads\/2025\/01\/Marches-incertain_Plan-de-travail-1-2048x899.png",2048,899,true],"featured-image":["https:\/\/www.vigilis.ca\/zone-conseils\/wp-content\/uploads\/2025\/01\/Marches-incertain_Plan-de-travail-1-358x200.png",358,200,true],"home-top":["https:\/\/www.vigilis.ca\/zone-conseils\/wp-content\/uploads\/2025\/01\/Marches-incertain_Plan-de-travail-1-750x600.png",750,600,true],"crp_thumbnail":["https:\/\/www.vigilis.ca\/zone-conseils\/wp-content\/uploads\/2025\/01\/Marches-incertain_Plan-de-travail-1-320x140.png",320,140,true]},"rttpg_author":{"display_name":"Myriam","author_link":"https:\/\/www.vigilis.ca\/zone-conseils\/author\/myriam-2\/"},"rttpg_comment":4,"rttpg_category":"<a href=\"https:\/\/www.vigilis.ca\/zone-conseils\/articles\/cat-particuliers\/\" rel=\"category tag\">Particuliers<\/a>","rttpg_excerpt":"Les cycles politiques marqu\u00e9s par des figures influentes rappellent \u00e0 quel point les d\u00e9cisions politiques peuvent affecter directement l\u2019\u00e9conomie et, par extension, vos finances personnelles. Les choix de ces leaders, parfois impr\u00e9visibles, peuvent engendrer une volatilit\u00e9 \u00e9conomique importante et affecter directement vos investissements. Comment naviguer dans cet environnement \u00e9conomique incertain? Voici quelques principes cl\u00e9s et\u2026","_links":{"self":[{"href":"https:\/\/www.vigilis.ca\/zone-conseils\/wp-json\/wp\/v2\/posts\/1036","targetHints":{"allow":["GET"]}}],"collection":[{"href":"https:\/\/www.vigilis.ca\/zone-conseils\/wp-json\/wp\/v2\/posts"}],"about":[{"href":"https:\/\/www.vigilis.ca\/zone-conseils\/wp-json\/wp\/v2\/types\/post"}],"author":[{"embeddable":true,"href":"https:\/\/www.vigilis.ca\/zone-conseils\/wp-json\/wp\/v2\/users\/2"}],"replies":[{"embeddable":true,"href":"https:\/\/www.vigilis.ca\/zone-conseils\/wp-json\/wp\/v2\/comments?post=1036"}],"version-history":[{"count":18,"href":"https:\/\/www.vigilis.ca\/zone-conseils\/wp-json\/wp\/v2\/posts\/1036\/revisions"}],"predecessor-version":[{"id":1059,"href":"https:\/\/www.vigilis.ca\/zone-conseils\/wp-json\/wp\/v2\/posts\/1036\/revisions\/1059"}],"wp:featuredmedia":[{"embeddable":true,"href":"https:\/\/www.vigilis.ca\/zone-conseils\/wp-json\/wp\/v2\/media\/1055"}],"wp:attachment":[{"href":"https:\/\/www.vigilis.ca\/zone-conseils\/wp-json\/wp\/v2\/media?parent=1036"}],"wp:term":[{"taxonomy":"category","embeddable":true,"href":"https:\/\/www.vigilis.ca\/zone-conseils\/wp-json\/wp\/v2\/categories?post=1036"},{"taxonomy":"post_tag","embeddable":true,"href":"https:\/\/www.vigilis.ca\/zone-conseils\/wp-json\/wp\/v2\/tags?post=1036"}],"curies":[{"name":"wp","href":"https:\/\/api.w.org\/{rel}","templated":true}]}}